{"id":115676,"date":"2013-10-22T00:16:52","date_gmt":"2013-10-22T00:16:52","guid":{"rendered":"http:\/\/www.fuldaer-nachrichten.de\/?p=115676"},"modified":"2013-10-21T16:48:21","modified_gmt":"2013-10-21T16:48:21","slug":"arbeitskreis-schule-wirtschaft-zu-besuch-im-bonifatiushaus","status":"publish","type":"post","link":"https:\/\/www.fuldaernachrichten.de\/?p=115676","title":{"rendered":"Arbeitskreis Schule-Wirtschaft zu Besuch im Bonifatiushaus"},"content":{"rendered":"<p><a href=\"http:\/\/www.fuldaer-nachrichten.de\/wp-content\/uploads\/2013\/10\/Gruppenfoto-Bonifatiushaus.jpg\"><img fetchpriority=\"high\" decoding=\"async\" class=\"alignleft size-thumbnail wp-image-115677\" alt=\"Gruppenfoto Bonifatiushaus\" src=\"http:\/\/www.fuldaer-nachrichten.de\/wp-content\/uploads\/2013\/10\/Gruppenfoto-Bonifatiushaus-265x220.jpg\" width=\"265\" height=\"220\" srcset=\"https:\/\/www.fuldaernachrichten.de\/wp-content\/uploads\/2013\/10\/Gruppenfoto-Bonifatiushaus-265x220.jpg 265w, https:\/\/www.fuldaernachrichten.de\/wp-content\/uploads\/2013\/10\/Gruppenfoto-Bonifatiushaus.jpg 600w\" sizes=\"(max-width: 265px) 100vw, 265px\" \/><\/a>Fulda. \u201eDas Bonifatiushaus \u2013 ein Ort zwischen Bildung und Dialog\u201c: Dieses Thema stand im Blickpunkt des ersten Fortbildungsnachmittags des Arbeitskreises Schule-Wirtschaft im Schuljahr 2013\/14. Der Einladung in die Fuldaer Bildungseinrichtung waren 20 P\u00e4dagogen gefolgt. Organisiert wurde die Veranstaltung von der Arbeitskreis-Vorsitzenden Angelika Bott-Werner. Neben den klassischen religi\u00f6s-theologischen Bildungsm\u00f6glichkeiten bietet das Bonifatiushaus auch Vortr\u00e4ge zu aktuellen gesellschaftspolitischen Themen, wie beispielsweise Inklusion, an. Au\u00dferdem werden besondere Nischenthemen bedient \u2013 etwa Akademieabende zum Thema Religion in der Krimireihe \u201eTatort\u201c. Das erl\u00e4uterten Direktor Gunter Geiger und Burkhard Kohn, Referent f\u00fcr Religion und Theologie. Auch mit den Schulen der Region sei das Bonifatiushaus eng verzahnt und biete Seminare f\u00fcr Sch\u00fcler unterschiedlicher Altersklassen.<!--more--><\/p>\n<p>Dass ihm gerade die politische Bildung besonders am Herzen liege, unterstrich Geiger: \u201eWir greifen aktuelle und historische Themen in unseren Veranstaltungen auf, um den Teilnehmern auf Basis der christlichen Werteordnung ein Bewusstsein f\u00fcr Demokratie und politische Partizipation zu vermitteln. Dabei legen wir gro\u00dfen Wert darauf, mit den Teilnehmern in einen Dialog zu treten.\u201c<\/p>\n<p>Von der Fortbildungsveranstaltung zeigte sich Angelika Bott-Werner sehr angetan: \u201eGerade in der heutigen Gesellschaft, in der Normen und Werte zunehmend verloren gehen, ist das Bonifatiushaus eine gute Anlaufstelle, um dieser Entwicklung entgegenzuwirken.\u201c<\/p>\n","protected":false},"excerpt":{"rendered":"<div class=\"tmnf_excerpt\"><p>Fulda. \u201eDas Bonifatiushaus \u2013 ein Ort zwischen Bildung und Dialog\u201c: Dieses Thema stand im Blickpunkt des ersten Fortbildungsnachmittags des Arbeitskreises Schule-Wirtschaft im Schuljahr 2013\/14. Der Einladung in die Fuldaer Bildungseinrichtung waren 20 P\u00e4dagogen gefolgt. Organisiert wurde die Veranstaltung von der Arbeitskreis-Vorsitzenden Angelika Bott-Werner. Neben den klassischen religi\u00f6s-theologischen Bildungsm\u00f6glichkeiten bietet das Bonifatiushaus auch Vortr\u00e4ge zu aktuellen &hellip;<\/p>\n<\/div>","protected":false},"author":1,"featured_media":0,"comment_status":"closed","ping_status":"closed","sticky":false,"template":"","format":"standard","meta":{"footnotes":""},"categories":[1,53],"tags":[],"class_list":["post-115676","post","type-post","status-publish","format-standard","hentry","category-startseite","category-bildung"],"_links":{"self":[{"href":"https:\/\/www.fuldaernachrichten.de\/index.php?rest_route=\/wp\/v2\/posts\/115676","targetHints":{"allow":["GET"]}}],"collection":[{"href":"https:\/\/www.fuldaernachrichten.de\/index.php?rest_route=\/wp\/v2\/posts"}],"about":[{"href":"https:\/\/www.fuldaernachrichten.de\/index.php?rest_route=\/wp\/v2\/types\/post"}],"author":[{"embeddable":true,"href":"https:\/\/www.fuldaernachrichten.de\/index.php?rest_route=\/wp\/v2\/users\/1"}],"replies":[{"embeddable":true,"href":"https:\/\/www.fuldaernachrichten.de\/index.php?rest_route=%2Fwp%2Fv2%2Fcomments&post=115676"}],"version-history":[{"count":1,"href":"https:\/\/www.fuldaernachrichten.de\/index.php?rest_route=\/wp\/v2\/posts\/115676\/revisions"}],"predecessor-version":[{"id":115678,"href":"https:\/\/www.fuldaernachrichten.de\/index.php?rest_route=\/wp\/v2\/posts\/115676\/revisions\/115678"}],"wp:attachment":[{"href":"https:\/\/www.fuldaernachrichten.de\/index.php?rest_route=%2Fwp%2Fv2%2Fmedia&parent=115676"}],"wp:term":[{"taxonomy":"category","embeddable":true,"href":"https:\/\/www.fuldaernachrichten.de\/index.php?rest_route=%2Fwp%2Fv2%2Fcategories&post=115676"},{"taxonomy":"post_tag","embeddable":true,"href":"https:\/\/www.fuldaernachrichten.de\/index.php?rest_route=%2Fwp%2Fv2%2Ftags&post=115676"}],"curies":[{"name":"wp","href":"https:\/\/api.w.org\/{rel}","templated":true}]}}