{"id":115664,"date":"2013-10-22T00:09:36","date_gmt":"2013-10-22T00:09:36","guid":{"rendered":"http:\/\/www.fuldaer-nachrichten.de\/?p=115664"},"modified":"2013-10-21T17:03:34","modified_gmt":"2013-10-21T17:03:34","slug":"am-klinikum-erblickten-das-1000-und-1001-baby-in-diesem-jahr-das-licht-der-welt","status":"publish","type":"post","link":"https:\/\/www.fuldaernachrichten.de\/?p=115664","title":{"rendered":"Am Klinikum erblickten in diesem Jahr das 1000. und 1001. Baby das Licht der Welt"},"content":{"rendered":"<p><a href=\"http:\/\/www.fuldaer-nachrichten.de\/wp-content\/uploads\/2013\/10\/Prof.-Sp\u00e4tling_1000-ste-Baby_DSC_2666.jpg\"><img fetchpriority=\"high\" decoding=\"async\" class=\"alignnone size-full wp-image-115665\" alt=\"Prof. Sp\u00e4tling_1000-ste Baby_DSC_2666\" src=\"http:\/\/www.fuldaer-nachrichten.de\/wp-content\/uploads\/2013\/10\/Prof.-Sp\u00e4tling_1000-ste-Baby_DSC_2666.jpg\" width=\"560\" height=\"358\" \/><\/a><\/p>\n<p>Fulda. In der Frauenklinik des Klinikums Fulda wurden am 09.10.2013 das 1000. und 1001. Baby in diesem Jahr geboren. Die Eltern der Zwillinge sind \u00fcbergl\u00fccklich. Die kleine Lina kam am 09.10.2013, um 22.00 Uhr mit 2.230 Gramm zur Welt, dicht gefolgt von ihrer Schwester Anni, die \u00c2\u00a0nur eine Minute sp\u00e4ter 2.274 Gramm auf die Waage brachte. Die gl\u00fccklichen Eltern Ines Bambey (24 J.) und Markus Sedlatschek (41 J.) k\u00f6nnen ihr Gl\u00fcck noch gar nicht richtig fassen. Die Zwillinge Lina und Anni kamen mit 34 Schwangerschaftswochen zur Welt und somit 6 Woche zu fr\u00fch. \u201eWir haben die Mutter etwa drei Wochen auf unserer Pr\u00e4partalstation behandelt und konnten mittels Wehenhemmern die Fr\u00fchgeburt noch hinausz\u00f6gern\u201c, erkl\u00e4rt Prof. Dr. Ludwig Sp\u00e4tling, Direktor der Geburtshilfe. <!--more--><\/p>\n<p>\u201eBeide Kinder sind gesund \u2013 und das ist das Wichtigste\u201c, freut sich auch Prof. Dr. Reinald Repp, Direktor der Klinik f\u00fcr Kinder- und Jugendmedizin. Die Fr\u00fchchen m\u00fcssen voraussichtlich noch bis zum errechneten Geburtstermin Mitte November in der Kinderklinik bleiben. \u201eSeit gestern d\u00fcrfen wir mit dem sog. K\u00e4ngruhn\u00c2\u00a0 beginnen, bei dem wir unsere Kleinen auf den Brustkorb gelegt bekommen und den Herzschlag sp\u00fcren k\u00f6nnen. Das ist ein einzigartiges Erlebnis\u201c, freut sich Mutter Ines.<\/p>\n<p>F\u00fcr die Geburt ihrer Zwillinge haben sich die aus Alsfeld stammenden Eltern bewusst f\u00fcr das Klinikum Fulda entschieden: \u201eAls sich herausstellte, dass wir Zwillinge bekommen, wollten wir ins Klinikum nach Fulda, da hier eine Frauenklinik und eine Kinderklinik vor Ort sind. Wir f\u00fchlen uns hier im Klinikum sehr gut aufgehoben\u201c, freut sich Ines Bambey. \u201eDurch die enge Kooperation der Neonatologie und der Frauenklinik haben die Fr\u00fchgeborenen eine besonders gute \u00dcberlebensf\u00e4higkeit\u201c, erl\u00e4utert Priv.-Doz. Dr. Thomas Hawighorst, Gesch\u00e4ftsf\u00fchrender Direktor der Frauenklinik. \u00c2\u00a0Die Sicherheit, allen Eventualit\u00e4ten sofort kompetent begegnen zu k\u00f6nnen, bietet das Klinikum Fulda als Krankenhaus der Maximalversorgung. Durch die seit Jahren enge gelebte interdisziplin\u00e4re Zusammenarbeit der Geburtshilfe mit der Klinik f\u00fcr Kinder- und Jugendmedizin k\u00f6nnen auch Risikogeburten optimal medizinisch betreut werden. \u201eWir freuen uns aber insbesondere auch \u00fcber jede gl\u00fcckliche Geburt, ohne Komplikationen\u201c, so Priv.-Doz. Hawighorst und Prof. Sp\u00e4tling. Im Klinikum Fulda kommen pro Jahr \u00fcber 1.300 Kinder zur Welt.<\/p>\n<p>Oberb\u00fcrgermeister Gerhard M\u00f6ller, Priv.-Doz. Dr. Thomas Menzel (Vorstand Krankenversorgung des Klinikums Fulda)\u00c2\u00a0\u00c2\u00a0 sowie die Chef\u00e4rzte Priv.-Doz. Dr. Thomas Hawighorst (Gesch\u00e4ftsf\u00fchrender Direktor der Frauenklinik), Prof. Dr. Ludwig Sp\u00e4tling (Direktor der Geburtshilfe) und Prof. Dr. Reinald Repp (Direktor der Kinderklinik) gratulierten den gl\u00fccklichen Eltern.<\/p>\n","protected":false},"excerpt":{"rendered":"<div class=\"tmnf_excerpt\"><p>Fulda. In der Frauenklinik des Klinikums Fulda wurden am 09.10.2013 das 1000. und 1001. Baby in diesem Jahr geboren. Die Eltern der Zwillinge sind \u00fcbergl\u00fccklich. Die kleine Lina kam am 09.10.2013, um 22.00 Uhr mit 2.230 Gramm zur Welt, dicht gefolgt von ihrer Schwester Anni, die \u00c2\u00a0nur eine Minute sp\u00e4ter 2.274 Gramm auf die Waage &hellip;<\/p>\n<\/div>","protected":false},"author":1,"featured_media":0,"comment_status":"closed","ping_status":"closed","sticky":false,"template":"","format":"standard","meta":{"footnotes":""},"categories":[1,51,78],"tags":[],"class_list":["post-115664","post","type-post","status-publish","format-standard","hentry","category-startseite","category-medizin","category-topthema"],"_links":{"self":[{"href":"https:\/\/www.fuldaernachrichten.de\/index.php?rest_route=\/wp\/v2\/posts\/115664","targetHints":{"allow":["GET"]}}],"collection":[{"href":"https:\/\/www.fuldaernachrichten.de\/index.php?rest_route=\/wp\/v2\/posts"}],"about":[{"href":"https:\/\/www.fuldaernachrichten.de\/index.php?rest_route=\/wp\/v2\/types\/post"}],"author":[{"embeddable":true,"href":"https:\/\/www.fuldaernachrichten.de\/index.php?rest_route=\/wp\/v2\/users\/1"}],"replies":[{"embeddable":true,"href":"https:\/\/www.fuldaernachrichten.de\/index.php?rest_route=%2Fwp%2Fv2%2Fcomments&post=115664"}],"version-history":[{"count":4,"href":"https:\/\/www.fuldaernachrichten.de\/index.php?rest_route=\/wp\/v2\/posts\/115664\/revisions"}],"predecessor-version":[{"id":115693,"href":"https:\/\/www.fuldaernachrichten.de\/index.php?rest_route=\/wp\/v2\/posts\/115664\/revisions\/115693"}],"wp:attachment":[{"href":"https:\/\/www.fuldaernachrichten.de\/index.php?rest_route=%2Fwp%2Fv2%2Fmedia&parent=115664"}],"wp:term":[{"taxonomy":"category","embeddable":true,"href":"https:\/\/www.fuldaernachrichten.de\/index.php?rest_route=%2Fwp%2Fv2%2Fcategories&post=115664"},{"taxonomy":"post_tag","embeddable":true,"href":"https:\/\/www.fuldaernachrichten.de\/index.php?rest_route=%2Fwp%2Fv2%2Ftags&post=115664"}],"curies":[{"name":"wp","href":"https:\/\/api.w.org\/{rel}","templated":true}]}}