{"id":115659,"date":"2013-10-22T00:20:00","date_gmt":"2013-10-22T00:20:00","guid":{"rendered":"http:\/\/www.fuldaer-nachrichten.de\/?p=115659"},"modified":"2013-10-21T16:33:42","modified_gmt":"2013-10-21T16:33:42","slug":"caritas-familienweihnacht-mit-maberzeller-und-traetzhofer-buergern","status":"publish","type":"post","link":"https:\/\/www.fuldaernachrichten.de\/?p=115659","title":{"rendered":"Caritas Familienweihnacht mit Maberzeller und Tr\u00e4tzhofer B\u00fcrgern"},"content":{"rendered":"<p>Maberzell. Bald, ihr Kinder, wird\u00e2\u20ac\u2122s was geben! So k\u00f6nnte man in Hinblick auf Sonntag, den 1. Dezember singen: von 09.30 \u2013 18 Uhr n\u00e4mlich verwandelt sich das Gel\u00e4nde der Carisma und des Jugendhilfeverbundes Maberzell in ein wahres Weihnachtsparadies: Gro\u00dfes Rahmenprogramm in der Festscheune, der Turnhalle und im Au\u00dfenbereich \u2013 und das alles unter ehrenamtlichem Einsatz der Maberzeller und Tr\u00e4tzhofer B\u00fcrger.<!--more--><\/p>\n<p>Los geht\u00e2\u20ac\u2122s um 9:30 Uhr mit je einem katholischen und evangelischen Gottesdienst, um 11 Uhr folgt dann die offizielle Er\u00f6ffnung durch OB Gerhard M\u00f6ller \u2013 und dann wird neben Gl\u00fchwein, Pl\u00e4tzchen, Kaffee und Kuchen und jeder Menge warmer Leckereien aus T\u00f6pfen und Pfannen ein buntes Rahmenprogramm aufgefahren. Von den Parkpl\u00e4tzen \u00fcber das Festgel\u00e4nde und an den verschiedenen St\u00e4nden und Stationen soll ganzt\u00e4gig eine Eisenbahn vorbei fahren, die dann nat\u00fcrlich auch den Nikolaus mitbringt. In der Festscheune treten verschiedene Ch\u00f6re, Musikvereine aus Maberzell und vom Tr\u00e4tzhof und die Fl\u00f6tengruppe der Schule Maberzell auf und begleiten die Veranstaltung musikalisch, im Streichelzoo kann man mit den Tieren auf Tuchf\u00fchlung gehen oder nebenan mit einer zum Weihnachtsschlitten umgestalteten Hebeb\u00fchne in luftige H\u00f6hen von 25 m entschweben. Sportlich geht\u00e2\u20ac\u2122s mit dem TTC Maberzell in verschiedenen Disziplinen zur Sache oder beim Klettern in der Turnhalle.<\/p>\n<p>Die Maberzeller Instrumentenbauer Kunath erl\u00e4utern die Geschichte der Blockfl\u00f6te und zeigen direkt vor Ort wie und aus welchen H\u00f6lzern Instrumente gedrechselt werden. Der Pfarrgemeinderat Maberzell er\u00f6ffnet seinen lebendigen Adventskalender und die Caritas zeigt viele weihnachtliche Dekoideen zum Selbst- und nachmachen. Im M\u00e4rchenzelt des Kindergartens Maberzell werden in stimmungsvoller Atmosph\u00e4re die sch\u00f6nsten M\u00e4rchen und Geschichten rund um Weihnachten erz\u00e4hlt. Die Rittervorf\u00fchrung bildet sicherlich ein weiteres Highlight der Caritas Familienweihnacht. Und dieses tolle Familienprogramm wird komplett \u00c2\u00a0organisiert und gestaltet von den Maberzeller und Tr\u00e4tzhofer B\u00fcrgern in Verbindung mit den Organisationen der Caritas.<\/p>\n<p>\u201eUnsere Veranstaltung passt wunderbar in unser diesj\u00e4hriges Rahmenthema. Unter dem Motto \u201eFamilie schaffen wir nur gemeinsam\u201c will die Caritas darauf aufmerksam machen, was Familien f\u00fcr ihre Mitglieder und die Gesellschaft leisten. Aber auch verdeutlichen, dass Familien h\u00e4ufig unter Druck sind und Unterst\u00fctzung von anderen brauchen. Hier kommen die Einrichtungen der Caritas ins Spiel, denn sie bieten Familienhilfe, Erziehungs- und allgemeine Lebensberatung an, aber auch mit den Carisma Werkst\u00e4tten f\u00fcr Menschen mit psychischen Erkrankungen und mit der Jugendhilfe Unterst\u00fctzung f\u00fcr Familien in Notlagen.\u201c f\u00fchrt Ansgar Erb, Vorstand des Di\u00f6zesan-Caritasverbandes im Bistum Fulda aus.<\/p>\n<p>\u201eMit der Familienweihnacht wollen wir darauf aufmerksam machen \u2013 und ein umfangreiches Rahmenprogramm sorgt daf\u00fcr, dass wir gemeinsam einen sch\u00f6nen Tag erleben k\u00f6nnen. Dass die Maberzeller und Tr\u00e4tzhofer B\u00fcrger sich mit ihrem individuellen Engagement so einbringen, ist fantastisch. Allein durch die Mitarbeit der zahlreichen Vereine, Unternehmen und Einzelpersonen zeigt sich schon, wie das Thema Familie im Zentrum der Gemeinde angekommen ist.\u201c erg\u00e4nzt Erbs Vorstandskollege Malte Crome begeistert. Auch Dieter Kl\u00fch, Ortsvorsteher der Staddteile Maberzell und Tr\u00e4tzhof, war von Anfang an Feuer und Flamme f\u00fcr das Projekt. \u201eSie m\u00fcssen nur einen Blick auf das umfangreiche Programm nehmen \u2013 dann wird schnell klar, wie sehr die Maberzeller und Tr\u00e4tzhofer B\u00fcrger hinter dieser Aktion stehen!\u201c<\/p>\n<p>Und was hat das Autohaus Sorg damit zu tun? \u201eWir pflegen schon seit Jahren enge Verbindungen mit der Caritas mit regelm\u00e4\u00dfigen gemeinsamen Aktionen und bringen uns\u00c2\u00a0 -als Maberzeller B\u00fcrger- selbstverst\u00e4ndlich auch hier ein. So haben wir die Koordination des Marketing \u00fcbernommen und freuen uns schon sehr auf diese tolle Aktion!\u201c so Dr. Mascha Sorg.<\/p>\n<p>Alfred Heil und Stefan Schwobe, Leiter der Jugendhilfe sowie der Carisma-Werkst\u00e4tten und Koordinatoren des Projektes Familienweihnacht vor Ort, blicken derweil voller Vorfreude gemeinsam mit den anderen Organisatoren auf die Familienweihnacht: \u201eWir freuen uns auf eine tolle Veranstaltung mit unseren Kindern, den B\u00fcrgern aus Maberzell und Tr\u00e4tzhof und dar\u00fcber hinaus nat\u00fcrlich auch auf jede Menge G\u00e4ste!\u201c<\/p>\n<p>&nbsp;<\/p>\n","protected":false},"excerpt":{"rendered":"<div class=\"tmnf_excerpt\"><p>Maberzell. Bald, ihr Kinder, wird\u00e2\u20ac\u2122s was geben! So k\u00f6nnte man in Hinblick auf Sonntag, den 1. Dezember singen: von 09.30 \u2013 18 Uhr n\u00e4mlich verwandelt sich das Gel\u00e4nde der Carisma und des Jugendhilfeverbundes Maberzell in ein wahres Weihnachtsparadies: Gro\u00dfes Rahmenprogramm in der Festscheune, der Turnhalle und im Au\u00dfenbereich \u2013 und das alles unter ehrenamtlichem Einsatz &hellip;<\/p>\n<\/div>","protected":false},"author":1,"featured_media":0,"comment_status":"closed","ping_status":"closed","sticky":false,"template":"","format":"standard","meta":{"footnotes":""},"categories":[1],"tags":[],"class_list":["post-115659","post","type-post","status-publish","format-standard","hentry","category-startseite"],"_links":{"self":[{"href":"https:\/\/www.fuldaernachrichten.de\/index.php?rest_route=\/wp\/v2\/posts\/115659","targetHints":{"allow":["GET"]}}],"collection":[{"href":"https:\/\/www.fuldaernachrichten.de\/index.php?rest_route=\/wp\/v2\/posts"}],"about":[{"href":"https:\/\/www.fuldaernachrichten.de\/index.php?rest_route=\/wp\/v2\/types\/post"}],"author":[{"embeddable":true,"href":"https:\/\/www.fuldaernachrichten.de\/index.php?rest_route=\/wp\/v2\/users\/1"}],"replies":[{"embeddable":true,"href":"https:\/\/www.fuldaernachrichten.de\/index.php?rest_route=%2Fwp%2Fv2%2Fcomments&post=115659"}],"version-history":[{"count":1,"href":"https:\/\/www.fuldaernachrichten.de\/index.php?rest_route=\/wp\/v2\/posts\/115659\/revisions"}],"predecessor-version":[{"id":115660,"href":"https:\/\/www.fuldaernachrichten.de\/index.php?rest_route=\/wp\/v2\/posts\/115659\/revisions\/115660"}],"wp:attachment":[{"href":"https:\/\/www.fuldaernachrichten.de\/index.php?rest_route=%2Fwp%2Fv2%2Fmedia&parent=115659"}],"wp:term":[{"taxonomy":"category","embeddable":true,"href":"https:\/\/www.fuldaernachrichten.de\/index.php?rest_route=%2Fwp%2Fv2%2Fcategories&post=115659"},{"taxonomy":"post_tag","embeddable":true,"href":"https:\/\/www.fuldaernachrichten.de\/index.php?rest_route=%2Fwp%2Fv2%2Ftags&post=115659"}],"curies":[{"name":"wp","href":"https:\/\/api.w.org\/{rel}","templated":true}]}}