{"id":115656,"date":"2013-10-22T00:12:12","date_gmt":"2013-10-22T00:12:12","guid":{"rendered":"http:\/\/www.fuldaer-nachrichten.de\/?p=115656"},"modified":"2013-10-21T16:31:51","modified_gmt":"2013-10-21T16:31:51","slug":"komoedie-paulette-am-freitag-im-cafe-panama","status":"publish","type":"post","link":"https:\/\/www.fuldaernachrichten.de\/?p=115656","title":{"rendered":"Kom\u00f6die \u201ePaulette\u201c am Freitag im Caf\u00e9 Panama"},"content":{"rendered":"<p><a href=\"http:\/\/www.fuldaer-nachrichten.de\/wp-content\/uploads\/2013\/10\/Paulette__1_.jpg\"><img decoding=\"async\" class=\"alignleft size-thumbnail wp-image-115657\" alt=\"Paulette__1_\" src=\"http:\/\/www.fuldaer-nachrichten.de\/wp-content\/uploads\/2013\/10\/Paulette__1_-265x176.jpg\" width=\"265\" height=\"176\" srcset=\"https:\/\/www.fuldaernachrichten.de\/wp-content\/uploads\/2013\/10\/Paulette__1_-265x176.jpg 265w, https:\/\/www.fuldaernachrichten.de\/wp-content\/uploads\/2013\/10\/Paulette__1_.jpg 600w\" sizes=\"(max-width: 265px) 100vw, 265px\" \/><\/a>Fulda. Die Kultur- und Kinoinitiative Fulda e.V. zeigt am Freitag, den 25.10.2013 um 20:00 Uhr die Kom\u00f6die \u201ePaulette\u201c. Paulette ist eine ruppige 80-j\u00e4hrige Dame, die wei\u00df, was sie will \u2013 und auch, was sie nicht will. Dass sie ganz allein in einem zwielichtigen Pariser Vorort lebt, kann sie nicht schrecken. Nur ihre allzu schmale Pension bringt Paulette immer wieder auf die Palme. Als ihr eines Abends beim M\u00fcllrausbringen ein P\u00e4ckchen Marihuana in den Scho\u00df f\u00e4llt, beschlie\u00dft Paulette, ihrer Geldmisere ein Ende zu machen. Paulette wird Haschisch-Dealer! Als ehemalige Konditor-Meisterin bringt sie f\u00fcr diesen Job neben einem ausgepr\u00e4gten Gesch\u00e4ftssinn und echten Giftzwerg-Qualit\u00e4ten auch grandiose Back-K\u00fcnste und hilfreiche Freundinnen vom Nachmittagstee mit \u2013 Vorteile, die ihrer Lederjacken-tragenden Konkurrenz im Viertel eindeutig abgehen. Pl\u00f6tzlich gibt es nicht nur einen neuen Dealer im Quartier. Paulette wird bald zur unbezwingbaren K\u00f6nigin des kultivierten Drogenhandels. Der Eintritt liegt bei 4\u00e2\u201a\u00ac (erm\u00e4\u00dfigt 3\u00e2\u201a\u00ac). Die Vorf\u00fchrung findet statt im Kino35 &#8211; Caf\u00e9 Panama in der Langebr\u00fcckenstr. 14, 36037 Fulda, weitere Infos erhalten Sie unter der Telefonnummer 0661-480045-35 oder unter www.35kino.de.<\/p>\n","protected":false},"excerpt":{"rendered":"<div class=\"tmnf_excerpt\"><p>Fulda. Die Kultur- und Kinoinitiative Fulda e.V. zeigt am Freitag, den 25.10.2013 um 20:00 Uhr die Kom\u00f6die \u201ePaulette\u201c. Paulette ist eine ruppige 80-j\u00e4hrige Dame, die wei\u00df, was sie will \u2013 und auch, was sie nicht will. Dass sie ganz allein in einem zwielichtigen Pariser Vorort lebt, kann sie nicht schrecken. Nur ihre allzu schmale Pension &hellip;<\/p>\n<\/div>","protected":false},"author":1,"featured_media":0,"comment_status":"closed","ping_status":"closed","sticky":false,"template":"","format":"standard","meta":{"footnotes":""},"categories":[1,44],"tags":[],"class_list":["post-115656","post","type-post","status-publish","format-standard","hentry","category-startseite","category-kultur"],"_links":{"self":[{"href":"https:\/\/www.fuldaernachrichten.de\/index.php?rest_route=\/wp\/v2\/posts\/115656","targetHints":{"allow":["GET"]}}],"collection":[{"href":"https:\/\/www.fuldaernachrichten.de\/index.php?rest_route=\/wp\/v2\/posts"}],"about":[{"href":"https:\/\/www.fuldaernachrichten.de\/index.php?rest_route=\/wp\/v2\/types\/post"}],"author":[{"embeddable":true,"href":"https:\/\/www.fuldaernachrichten.de\/index.php?rest_route=\/wp\/v2\/users\/1"}],"replies":[{"embeddable":true,"href":"https:\/\/www.fuldaernachrichten.de\/index.php?rest_route=%2Fwp%2Fv2%2Fcomments&post=115656"}],"version-history":[{"count":1,"href":"https:\/\/www.fuldaernachrichten.de\/index.php?rest_route=\/wp\/v2\/posts\/115656\/revisions"}],"predecessor-version":[{"id":115658,"href":"https:\/\/www.fuldaernachrichten.de\/index.php?rest_route=\/wp\/v2\/posts\/115656\/revisions\/115658"}],"wp:attachment":[{"href":"https:\/\/www.fuldaernachrichten.de\/index.php?rest_route=%2Fwp%2Fv2%2Fmedia&parent=115656"}],"wp:term":[{"taxonomy":"category","embeddable":true,"href":"https:\/\/www.fuldaernachrichten.de\/index.php?rest_route=%2Fwp%2Fv2%2Fcategories&post=115656"},{"taxonomy":"post_tag","embeddable":true,"href":"https:\/\/www.fuldaernachrichten.de\/index.php?rest_route=%2Fwp%2Fv2%2Ftags&post=115656"}],"curies":[{"name":"wp","href":"https:\/\/api.w.org\/{rel}","templated":true}]}}