{"id":115651,"date":"2013-10-22T00:25:18","date_gmt":"2013-10-22T00:25:18","guid":{"rendered":"http:\/\/www.fuldaer-nachrichten.de\/?p=115651"},"modified":"2013-10-21T17:00:38","modified_gmt":"2013-10-21T17:00:38","slug":"matthias-mueller-leitet-naturschutzbeirat-des-landkreises","status":"publish","type":"post","link":"https:\/\/www.fuldaernachrichten.de\/?p=115651","title":{"rendered":"Matthias M\u00fcller leitet Naturschutzbeirat des Landkreises"},"content":{"rendered":"<p><a href=\"http:\/\/www.fuldaer-nachrichten.de\/wp-content\/uploads\/2013\/10\/466-Naturschutzbeirat1.jpg\"><img decoding=\"async\" class=\"alignleft size-thumbnail wp-image-115652\" alt=\"466-Naturschutzbeirat1\" src=\"http:\/\/www.fuldaer-nachrichten.de\/wp-content\/uploads\/2013\/10\/466-Naturschutzbeirat1-265x175.jpg\" width=\"265\" height=\"175\" srcset=\"https:\/\/www.fuldaernachrichten.de\/wp-content\/uploads\/2013\/10\/466-Naturschutzbeirat1-265x175.jpg 265w, https:\/\/www.fuldaernachrichten.de\/wp-content\/uploads\/2013\/10\/466-Naturschutzbeirat1.jpg 600w\" sizes=\"(max-width: 265px) 100vw, 265px\" \/><\/a>Fulda. Matthias M\u00fcller will Verbindungen herstellen und Trennungslinien \u00fcberwinden &#8211; und das nicht nur im sprichw\u00f6rtlichen Sinne wie bei der Gr\u00fcnbr\u00fccke \u00fcber die Autobahn bei Michelsrombach, f\u00fcr deren Bau er sich viele Jahren eingesetzt hat. Auch als Vorsitzender des Naturschutzbeirats beim Landkreis Fulda sieht der 49-j\u00e4hrige H\u00fcnfelder seine Aufgabe darin, unterschiedliche Interessen zusammenzuf\u00fchren und zu gemeinsamen L\u00f6sungen zu gelangen. \u201eWer Fronten aufbaut, kann als \u00e2\u20ac\u02dcAnwalt der Natur\u00e2\u20ac\u02dc wenig bewirken.\u201c<!--more--><\/p>\n<p>Matthias M\u00fcller geh\u00f6rt dem Naturschutzbeirat seit 2009 an und ist zusammen mit Wilfried K\u00fcchemann Beauftragter f\u00fcr den Nordkreis, w\u00e4hrend Karl Graeser den S\u00fcdkreis betreut. Um den Amphibienschutz k\u00fcmmert sich Herbert Schmitt. Die Mitglieder des Naturschutzbeirats werden vom Kreisausschuss aus einer Vorschlagsliste f\u00fcr jeweils vier Jahre berufen. Bei der in K\u00fcrze anstehenden Neukonstituierung des zw\u00f6lfk\u00f6pfigen Gremiums kann sich Matthias M\u00fcller, der auch die Ortsgruppe H\u00fcnfeld des Naturschutzbunds Deutschland (NABU) leitet, vorstellen, f\u00fcr weitere vier Jahre als Vorsitzender zu kandidieren.<\/p>\n<p>Die Zusammenarbeit in den vergangenen Jahren insbesondere mit der unteren Naturschutzbeh\u00f6rde des Landkreises beschreibt Matthias M\u00fcller als sehr harmonisch. Hinweisen der Beiratsmitglieder sei stets nachgegangen worden. Vorschl\u00e4ge habe man aufgegriffen. Die Verantwortlichen h\u00e4tten grunds\u00e4tzlich Verst\u00e4ndnis f\u00fcr die Belange des Natur- und Umweltschutzes gezeigt. Trotz aller Bem\u00fchungen, durch Reden und Erkl\u00e4ren zu \u00fcberzeugen, sei es manchmal unumg\u00e4nglich, klare Grenzen zu ziehen, was gehe und was nicht gehe. Insgesamt aber zahlten sich kleine pragmatische Schritte eher aus als Maximalpositionen.<\/p>\n<p>Neben der aus dem Konjunkturprogramm finanzierten Gr\u00fcnbr\u00fccke, die inzwischen vom Wild hervorragend angenommen werde, hebt das Kuratoriumsmitglied der Stiftung Hessischer Naturschutz vor allem die Begleitung der baulichen Ma\u00dfnahmen auf der Wasserkuppe hervor, deren Notwendigkeit an einem touristischen Anziehungspunkt akzeptiert werden m\u00fcsse. Als weitere wichtige Projekte in der zur\u00fcckliegenden Amtsperiode nennt M\u00fcller den auch aus naturschutzrechtlichen Gr\u00fcnden gescheiterten Bau der B97n sowie die Festlegung von Fernleitungstrassen f\u00fcr Erdgas und Kalilauge.<\/p>\n<p>Ein Vorhaben, das Matthias M\u00fcller in Zukunft verst\u00e4rkt aufgreifen m\u00f6chte, ist die kreisweite Schaffung von Biotopverb\u00fcnden, indem gr\u00f6\u00dfere Ausgleichsfl\u00e4chen \u00e4hnlich wie im H\u00fcnfelder Raum zusammengelegt w\u00fcrden. Auch bei weiteren Themen k\u00fcndigt der Vorsitzende des Naturschutzbeirats \u201ekritische und konstruktive Mitarbeit\u201c an. Ein Beispiel sei der zunehmende Fl\u00e4chenverbrauch f\u00fcr Verkehr, Gewerbe und Siedlungen. \u201eWir k\u00f6nnen uns der Entwicklung nicht entgegenstellen. Fulda wird als Region mitten in Europa weiter wachsen. Dies darf aber nicht auf Kosten von Natur und Umweltqualit\u00e4t gehen.\u201c<\/p>\n<p>&nbsp;<\/p>\n","protected":false},"excerpt":{"rendered":"<div class=\"tmnf_excerpt\"><p>Fulda. Matthias M\u00fcller will Verbindungen herstellen und Trennungslinien \u00fcberwinden &#8211; und das nicht nur im sprichw\u00f6rtlichen Sinne wie bei der Gr\u00fcnbr\u00fccke \u00fcber die Autobahn bei Michelsrombach, f\u00fcr deren Bau er sich viele Jahren eingesetzt hat. Auch als Vorsitzender des Naturschutzbeirats beim Landkreis Fulda sieht der 49-j\u00e4hrige H\u00fcnfelder seine Aufgabe darin, unterschiedliche Interessen zusammenzuf\u00fchren und zu &hellip;<\/p>\n<\/div>","protected":false},"author":1,"featured_media":0,"comment_status":"closed","ping_status":"closed","sticky":false,"template":"","format":"standard","meta":{"footnotes":""},"categories":[1,52],"tags":[],"class_list":["post-115651","post","type-post","status-publish","format-standard","hentry","category-startseite","category-umwelt"],"_links":{"self":[{"href":"https:\/\/www.fuldaernachrichten.de\/index.php?rest_route=\/wp\/v2\/posts\/115651","targetHints":{"allow":["GET"]}}],"collection":[{"href":"https:\/\/www.fuldaernachrichten.de\/index.php?rest_route=\/wp\/v2\/posts"}],"about":[{"href":"https:\/\/www.fuldaernachrichten.de\/index.php?rest_route=\/wp\/v2\/types\/post"}],"author":[{"embeddable":true,"href":"https:\/\/www.fuldaernachrichten.de\/index.php?rest_route=\/wp\/v2\/users\/1"}],"replies":[{"embeddable":true,"href":"https:\/\/www.fuldaernachrichten.de\/index.php?rest_route=%2Fwp%2Fv2%2Fcomments&post=115651"}],"version-history":[{"count":1,"href":"https:\/\/www.fuldaernachrichten.de\/index.php?rest_route=\/wp\/v2\/posts\/115651\/revisions"}],"predecessor-version":[{"id":115653,"href":"https:\/\/www.fuldaernachrichten.de\/index.php?rest_route=\/wp\/v2\/posts\/115651\/revisions\/115653"}],"wp:attachment":[{"href":"https:\/\/www.fuldaernachrichten.de\/index.php?rest_route=%2Fwp%2Fv2%2Fmedia&parent=115651"}],"wp:term":[{"taxonomy":"category","embeddable":true,"href":"https:\/\/www.fuldaernachrichten.de\/index.php?rest_route=%2Fwp%2Fv2%2Fcategories&post=115651"},{"taxonomy":"post_tag","embeddable":true,"href":"https:\/\/www.fuldaernachrichten.de\/index.php?rest_route=%2Fwp%2Fv2%2Ftags&post=115651"}],"curies":[{"name":"wp","href":"https:\/\/api.w.org\/{rel}","templated":true}]}}