{"id":115645,"date":"2013-10-22T00:13:44","date_gmt":"2013-10-22T00:13:44","guid":{"rendered":"http:\/\/www.fuldaer-nachrichten.de\/?p=115645"},"modified":"2013-10-21T16:20:51","modified_gmt":"2013-10-21T16:20:51","slug":"mirko-reeh-laedt-zum-kommunikativen-weihnachtszauber-am-herd-ein","status":"publish","type":"post","link":"https:\/\/www.fuldaernachrichten.de\/?p=115645","title":{"rendered":"Mirko Reeh l\u00e4dt zum kommunikativen Weihnachtszauber am Herd ein"},"content":{"rendered":"<p><a href=\"http:\/\/www.fuldaer-nachrichten.de\/wp-content\/uploads\/2013\/10\/Mirko_Reeh_Foto_by_Werner_Krug.jpg\"><img fetchpriority=\"high\" decoding=\"async\" class=\"alignleft size-thumbnail wp-image-115646\" alt=\"Mirko_Reeh_Foto_by_Werner_Krug\" src=\"http:\/\/www.fuldaer-nachrichten.de\/wp-content\/uploads\/2013\/10\/Mirko_Reeh_Foto_by_Werner_Krug-265x351.jpg\" width=\"265\" height=\"351\" srcset=\"https:\/\/www.fuldaernachrichten.de\/wp-content\/uploads\/2013\/10\/Mirko_Reeh_Foto_by_Werner_Krug-265x351.jpg 265w, https:\/\/www.fuldaernachrichten.de\/wp-content\/uploads\/2013\/10\/Mirko_Reeh_Foto_by_Werner_Krug-200x265.jpg 200w, https:\/\/www.fuldaernachrichten.de\/wp-content\/uploads\/2013\/10\/Mirko_Reeh_Foto_by_Werner_Krug-452x600.jpg 452w, https:\/\/www.fuldaernachrichten.de\/wp-content\/uploads\/2013\/10\/Mirko_Reeh_Foto_by_Werner_Krug.jpg 600w\" sizes=\"(max-width: 265px) 100vw, 265px\" \/><\/a>Frankfurt\/Main 10\/2013: Kochen ist (keine) Zauberei \u2013 oder vielleicht doch? Die Antwort auf diese Frage gibt\u00e2\u20ac\u2122s ab 25. November in Mirko Reehs Kochschule in Frankfurt. Mit einer gekonnten Mischung aus K\u00fcchen- und Zauber-Kunst \u00fcberraschen K\u00fcchenstern Mirko Reeh und Zauberk\u00fcnstler Marc Weide, der garantiert j\u00fcngste Magier Deutschlands. Gemeinsam mit den G\u00e4sten entsteht ein zauberhaftes, weihnachtliches 6-Gang-Men\u00fc, bei dem auch Vegetarier und nur Fisch-Esser nicht darben m\u00fcssen. Mirko hat an alles gedacht. Auch an eine gro\u00dfe Auswahl begleitender Getr\u00e4nke, die gleich mit im Komplett-Preis von EUR 135,- eingeschlossen sind. Weitere Infos, Termine und Buchungen unter <a href=\"http:\/\/www.mirko-reeh.com\">www.mirko-reeh.com<\/a>, Tel. 069 94 50 710.<!--more--><\/p>\n<p>Insgesamt stehen 20 Veranstaltungen auf dem Programm. Einige sind heute schon ausgebucht. Gerne werden auch Geschenk-Gutscheine ausgestellt: als vorgezogenes Weihnachtsgeschenk, als Nikolaus-\u00dcberraschung oder einfach so \u2013 als kleiner Lichtblick an grauen Wintertagen. Auch Firmen oder Gruppen bis zu 32 Personen k\u00f6nnen buchen und sich die Arbeit sparen, eine eigene Weihnachtsfeier auf die Beine stellen zu m\u00fcssen. Bei Mirko Reeh geht\u00e2\u20ac\u2122s k\u00f6stlich, festlich und garantiert fr\u00f6hlich zu. \u201eDie Mischung macht\u00e2\u20ac\u2122s halt\u201c sagt der Frankfurter K\u00fcchenzauberer.<\/p>\n","protected":false},"excerpt":{"rendered":"<div class=\"tmnf_excerpt\"><p>Frankfurt\/Main 10\/2013: Kochen ist (keine) Zauberei \u2013 oder vielleicht doch? Die Antwort auf diese Frage gibt\u00e2\u20ac\u2122s ab 25. November in Mirko Reehs Kochschule in Frankfurt. Mit einer gekonnten Mischung aus K\u00fcchen- und Zauber-Kunst \u00fcberraschen K\u00fcchenstern Mirko Reeh und Zauberk\u00fcnstler Marc Weide, der garantiert j\u00fcngste Magier Deutschlands. Gemeinsam mit den G\u00e4sten entsteht ein zauberhaftes, weihnachtliches 6-Gang-Men\u00fc, &hellip;<\/p>\n<\/div>","protected":false},"author":1,"featured_media":0,"comment_status":"closed","ping_status":"closed","sticky":false,"template":"","format":"standard","meta":{"footnotes":""},"categories":[1,37],"tags":[],"class_list":["post-115645","post","type-post","status-publish","format-standard","hentry","category-startseite","category-essen-und-trinken"],"_links":{"self":[{"href":"https:\/\/www.fuldaernachrichten.de\/index.php?rest_route=\/wp\/v2\/posts\/115645","targetHints":{"allow":["GET"]}}],"collection":[{"href":"https:\/\/www.fuldaernachrichten.de\/index.php?rest_route=\/wp\/v2\/posts"}],"about":[{"href":"https:\/\/www.fuldaernachrichten.de\/index.php?rest_route=\/wp\/v2\/types\/post"}],"author":[{"embeddable":true,"href":"https:\/\/www.fuldaernachrichten.de\/index.php?rest_route=\/wp\/v2\/users\/1"}],"replies":[{"embeddable":true,"href":"https:\/\/www.fuldaernachrichten.de\/index.php?rest_route=%2Fwp%2Fv2%2Fcomments&post=115645"}],"version-history":[{"count":1,"href":"https:\/\/www.fuldaernachrichten.de\/index.php?rest_route=\/wp\/v2\/posts\/115645\/revisions"}],"predecessor-version":[{"id":115647,"href":"https:\/\/www.fuldaernachrichten.de\/index.php?rest_route=\/wp\/v2\/posts\/115645\/revisions\/115647"}],"wp:attachment":[{"href":"https:\/\/www.fuldaernachrichten.de\/index.php?rest_route=%2Fwp%2Fv2%2Fmedia&parent=115645"}],"wp:term":[{"taxonomy":"category","embeddable":true,"href":"https:\/\/www.fuldaernachrichten.de\/index.php?rest_route=%2Fwp%2Fv2%2Fcategories&post=115645"},{"taxonomy":"post_tag","embeddable":true,"href":"https:\/\/www.fuldaernachrichten.de\/index.php?rest_route=%2Fwp%2Fv2%2Ftags&post=115645"}],"curies":[{"name":"wp","href":"https:\/\/api.w.org\/{rel}","templated":true}]}}