{"id":115632,"date":"2013-10-21T00:15:58","date_gmt":"2013-10-21T00:15:58","guid":{"rendered":"http:\/\/www.fuldaer-nachrichten.de\/?p=115632"},"modified":"2013-10-21T08:14:20","modified_gmt":"2013-10-21T08:14:20","slug":"tourist-information-stellt-den-neuen-buedingen-kalender-vor","status":"publish","type":"post","link":"https:\/\/www.fuldaernachrichten.de\/?p=115632","title":{"rendered":"Tourist-Information stellt den neuen B\u00fcdingen-Kalender vor"},"content":{"rendered":"<p><a href=\"http:\/\/www.fuldaer-nachrichten.de\/wp-content\/uploads\/2013\/10\/BTM_Kalender10.jpg\"><img decoding=\"async\" class=\"alignleft size-thumbnail wp-image-115633\" alt=\"BTM_Kalender10\" src=\"http:\/\/www.fuldaer-nachrichten.de\/wp-content\/uploads\/2013\/10\/BTM_Kalender10-265x187.jpg\" width=\"265\" height=\"187\" srcset=\"https:\/\/www.fuldaernachrichten.de\/wp-content\/uploads\/2013\/10\/BTM_Kalender10-265x187.jpg 265w, https:\/\/www.fuldaernachrichten.de\/wp-content\/uploads\/2013\/10\/BTM_Kalender10.jpg 600w\" sizes=\"(max-width: 265px) 100vw, 265px\" \/><\/a>B\u00fcdingen. Stimmungsvolle Blicke auf die B\u00fcdinger Altstadt verspricht der erste Kalender der B\u00fcdinger Tourist-Information. Im Format DIN A3 (42 x 29,7 cm) macht jede der zw\u00f6lf Seiten Lust auf die Festungsstadt. Die B\u00fcdinger Grafikerin Judith Musch hat das Druckwerk aus den gesammelten Bildern der Tourist-Information sowie B\u00fcdinger Fotografen entworfen. Jedes Kalenderblatt widmet sich einem Thema, so werden etwa die Museen oder das Fachwerk gew\u00fcrdigt. Eine Besonderheit bei der Gestaltung ist, dass auf einem Kalenderblatt gleich mehrere in Kontext stehende Fotos Platz finden. Christina Burkhardt, Gesch\u00e4ftsf\u00fchrerin der B\u00fcdinger Tourismus und Marketing GmbH, freut sich \u00fcber die M\u00f6glichkeit, in diesem Erstlingswerk die vielen guten Bilder in einem gr\u00f6\u00dferen Format zu pr\u00e4sentieren. Sie erw\u00e4hnt auch, dass die B\u00fcdinger Veranstaltungen einen festen Platz im Kalendarium haben und damit nicht vergessen gehen. Ab sofort kann der Kalender bei der Tourist-Information B\u00fcdingen, Marktplatz 9, Telefon: 06042-96370, <a href=\"mailto:mail@buedingen.info\">mail@buedingen.info<\/a> f\u00fcr 14,90 Euro erworben werden.<\/p>\n","protected":false},"excerpt":{"rendered":"<div class=\"tmnf_excerpt\"><p>B\u00fcdingen. Stimmungsvolle Blicke auf die B\u00fcdinger Altstadt verspricht der erste Kalender der B\u00fcdinger Tourist-Information. Im Format DIN A3 (42 x 29,7 cm) macht jede der zw\u00f6lf Seiten Lust auf die Festungsstadt. Die B\u00fcdinger Grafikerin Judith Musch hat das Druckwerk aus den gesammelten Bildern der Tourist-Information sowie B\u00fcdinger Fotografen entworfen. Jedes Kalenderblatt widmet sich einem Thema, &hellip;<\/p>\n<\/div>","protected":false},"author":1,"featured_media":0,"comment_status":"closed","ping_status":"closed","sticky":false,"template":"","format":"standard","meta":{"footnotes":""},"categories":[1,52],"tags":[],"class_list":["post-115632","post","type-post","status-publish","format-standard","hentry","category-startseite","category-umwelt"],"_links":{"self":[{"href":"https:\/\/www.fuldaernachrichten.de\/index.php?rest_route=\/wp\/v2\/posts\/115632","targetHints":{"allow":["GET"]}}],"collection":[{"href":"https:\/\/www.fuldaernachrichten.de\/index.php?rest_route=\/wp\/v2\/posts"}],"about":[{"href":"https:\/\/www.fuldaernachrichten.de\/index.php?rest_route=\/wp\/v2\/types\/post"}],"author":[{"embeddable":true,"href":"https:\/\/www.fuldaernachrichten.de\/index.php?rest_route=\/wp\/v2\/users\/1"}],"replies":[{"embeddable":true,"href":"https:\/\/www.fuldaernachrichten.de\/index.php?rest_route=%2Fwp%2Fv2%2Fcomments&post=115632"}],"version-history":[{"count":1,"href":"https:\/\/www.fuldaernachrichten.de\/index.php?rest_route=\/wp\/v2\/posts\/115632\/revisions"}],"predecessor-version":[{"id":115634,"href":"https:\/\/www.fuldaernachrichten.de\/index.php?rest_route=\/wp\/v2\/posts\/115632\/revisions\/115634"}],"wp:attachment":[{"href":"https:\/\/www.fuldaernachrichten.de\/index.php?rest_route=%2Fwp%2Fv2%2Fmedia&parent=115632"}],"wp:term":[{"taxonomy":"category","embeddable":true,"href":"https:\/\/www.fuldaernachrichten.de\/index.php?rest_route=%2Fwp%2Fv2%2Fcategories&post=115632"},{"taxonomy":"post_tag","embeddable":true,"href":"https:\/\/www.fuldaernachrichten.de\/index.php?rest_route=%2Fwp%2Fv2%2Ftags&post=115632"}],"curies":[{"name":"wp","href":"https:\/\/api.w.org\/{rel}","templated":true}]}}