{"id":115629,"date":"2013-10-21T00:14:06","date_gmt":"2013-10-21T00:14:06","guid":{"rendered":"http:\/\/www.fuldaer-nachrichten.de\/?p=115629"},"modified":"2013-10-21T08:12:10","modified_gmt":"2013-10-21T08:12:10","slug":"zeichen-der-oekumene-gemeinsame-kirchenschilder-in-dipperz","status":"publish","type":"post","link":"https:\/\/www.fuldaernachrichten.de\/?p=115629","title":{"rendered":"Zeichen der \u00d6kumene: Gemeinsame Kirchenschilder in Dipperz"},"content":{"rendered":"<p><a href=\"http:\/\/www.fuldaer-nachrichten.de\/wp-content\/uploads\/2013\/10\/20131008_kirchenschilder-18.jpg\"><img decoding=\"async\" class=\"alignleft size-thumbnail wp-image-115630\" alt=\"20131008_kirchenschilder-18\" src=\"http:\/\/www.fuldaer-nachrichten.de\/wp-content\/uploads\/2013\/10\/20131008_kirchenschilder-18-265x176.jpg\" width=\"265\" height=\"176\" srcset=\"https:\/\/www.fuldaernachrichten.de\/wp-content\/uploads\/2013\/10\/20131008_kirchenschilder-18-265x176.jpg 265w, https:\/\/www.fuldaernachrichten.de\/wp-content\/uploads\/2013\/10\/20131008_kirchenschilder-18.jpg 600w\" sizes=\"(max-width: 265px) 100vw, 265px\" \/><\/a>Dipperz. Seit 2011 gibt es in Dipperz nicht mehr nur Pfarrfest und Gemeindefest, sondern alle zwei Jahre ein gemeinsames \u201e\u00d6kumenisches Kirchenfest\u201c. Das diesj\u00e4hrige Fest begann mit einem \u00f6kumenischen Festgottesdienst mitgestaltet vom Musikverein Dipperz und dem Gospelchor des Evangelischen Kirchenkreises Fulda. Die beiden Pfarrer Piotr Kownacki und Georg Ander-Moln\u00e1r gingen auf die Frage ein: \u201eWas gef\u00e4llt mir an Deiner Kirche?\u201c Ihre Dialogpredigt wurde mehrfach von Applaus unterbrochen. Der Erl\u00f6s des Festes war bestimmt f\u00fcr ein \u00f6kumenisches Projekt. Die mittlerweile verwitterten katholischen Kirchenschilder sollten an den drei Ortseinfahrten von Dipperz abgel\u00f6st werden von neuen \u00f6kumenischen Schildern.<!--more--><\/p>\n<p>Nachdem die St\u00e4nder der drei Schilder von Martin R\u00fchl vom Bauhof unter der eigenh\u00e4ndigen Unterst\u00fctzung von B\u00fcrgermeister Klaus Dieter Vogler einbetoniert wurden, haben Dr. Carsten Sch\u00fctz, Sprecher des Pfarrgemeinderates und Pfr. Ander-Moln\u00e1r die Schilder angeschraubt und somit ihrem Zweck \u00fcbergeben.Carsten Sch\u00fctz betont, dass beide Kirchensymbole auf einem Schild die lebendige \u00d6kumene in Dipperz und die enge Zusammenarbeit der beiden Konfessionen abbilden.<\/p>\n<p>Der Erl\u00f6s des Festes wurde ebenfalls f\u00fcr ein \u00f6kumenisches Projekt bestimmt, n\u00e4mlich f\u00fcr \u201eRadwegekirche Milseburg\u201c. Ende des Jahres wird die Genehmigung der \u00c4nderung des Fl\u00e4chennutzungsplanes f\u00fcr das von Josef Enders aus Elters f\u00fcr den Bau des Gotteshauses gestifteten Gr\u00fcnfl\u00e4che erwartet. Sobald sie vorliegt soll ein F\u00f6rderverein gegr\u00fcndet werden, der Planung, Bau, Finanzierung und Pflege der Radwegekirche zum Vereinszweck erhebt.<\/p>\n","protected":false},"excerpt":{"rendered":"<div class=\"tmnf_excerpt\"><p>Dipperz. Seit 2011 gibt es in Dipperz nicht mehr nur Pfarrfest und Gemeindefest, sondern alle zwei Jahre ein gemeinsames \u201e\u00d6kumenisches Kirchenfest\u201c. Das diesj\u00e4hrige Fest begann mit einem \u00f6kumenischen Festgottesdienst mitgestaltet vom Musikverein Dipperz und dem Gospelchor des Evangelischen Kirchenkreises Fulda. Die beiden Pfarrer Piotr Kownacki und Georg Ander-Moln\u00e1r gingen auf die Frage ein: \u201eWas gef\u00e4llt &hellip;<\/p>\n<\/div>","protected":false},"author":1,"featured_media":0,"comment_status":"closed","ping_status":"closed","sticky":false,"template":"","format":"standard","meta":{"footnotes":""},"categories":[1,50],"tags":[],"class_list":["post-115629","post","type-post","status-publish","format-standard","hentry","category-startseite","category-kirche"],"_links":{"self":[{"href":"https:\/\/www.fuldaernachrichten.de\/index.php?rest_route=\/wp\/v2\/posts\/115629","targetHints":{"allow":["GET"]}}],"collection":[{"href":"https:\/\/www.fuldaernachrichten.de\/index.php?rest_route=\/wp\/v2\/posts"}],"about":[{"href":"https:\/\/www.fuldaernachrichten.de\/index.php?rest_route=\/wp\/v2\/types\/post"}],"author":[{"embeddable":true,"href":"https:\/\/www.fuldaernachrichten.de\/index.php?rest_route=\/wp\/v2\/users\/1"}],"replies":[{"embeddable":true,"href":"https:\/\/www.fuldaernachrichten.de\/index.php?rest_route=%2Fwp%2Fv2%2Fcomments&post=115629"}],"version-history":[{"count":1,"href":"https:\/\/www.fuldaernachrichten.de\/index.php?rest_route=\/wp\/v2\/posts\/115629\/revisions"}],"predecessor-version":[{"id":115631,"href":"https:\/\/www.fuldaernachrichten.de\/index.php?rest_route=\/wp\/v2\/posts\/115629\/revisions\/115631"}],"wp:attachment":[{"href":"https:\/\/www.fuldaernachrichten.de\/index.php?rest_route=%2Fwp%2Fv2%2Fmedia&parent=115629"}],"wp:term":[{"taxonomy":"category","embeddable":true,"href":"https:\/\/www.fuldaernachrichten.de\/index.php?rest_route=%2Fwp%2Fv2%2Fcategories&post=115629"},{"taxonomy":"post_tag","embeddable":true,"href":"https:\/\/www.fuldaernachrichten.de\/index.php?rest_route=%2Fwp%2Fv2%2Ftags&post=115629"}],"curies":[{"name":"wp","href":"https:\/\/api.w.org\/{rel}","templated":true}]}}