{"id":115627,"date":"2013-10-21T00:15:34","date_gmt":"2013-10-21T00:15:34","guid":{"rendered":"http:\/\/www.fuldaer-nachrichten.de\/?p=115627"},"modified":"2013-10-21T08:09:43","modified_gmt":"2013-10-21T08:09:43","slug":"vorbereitung-auf-den-ruhestand-personalratsarbeit-seminare-im-bonifatiushaus","status":"publish","type":"post","link":"https:\/\/www.fuldaernachrichten.de\/?p=115627","title":{"rendered":"Vorbereitung auf den Ruhestand &#038; Personalratsarbeit &#8211; Seminare im Bonifatiushaus"},"content":{"rendered":"<p>Fulda. Das Bonifatiushaus bietet vom 28.10. \u2013 01.11.2013 ein Seminar zur Vorbereitung auf den Ruhestand an. In diesem Seminar ist jeder Mann und jede Frau zu pers\u00f6nlichen Erkundungen f\u00fcr die zweite Lebensh\u00e4lfte eingeladen: Wie stellt man sich seine Zukunft vor? Kann man Neues wagen? Durch Vortr\u00e4ge und \u00dcbungen, sowie im Austausch mit Gleichgesinnten erhalten eigene Vorstellungen konkrete Gestalt. N\u00e4here Informationen gibt es auf der Homepage des Bonifatiushauses unter www.bonifatiushaus.de Anmeldungen sind telefonisch unter 0661\/8398-117 oder per Mail an info@bonifatiushaus.de m\u00f6glich. \u00c2\u00a0<!--more--><br \/>\n<strong>\u00c2\u00a0<\/strong><br \/>\n<strong>Rechte und Grundlagen der Personalratsarbeit<\/strong><br \/>\nDieses Seminar f\u00fcr Personalr\u00e4te aus Betrieben und Beh\u00f6rden wird gleich zweimal im Bonifatiushaus Fulda angeboten: Vom 28.10. \u2013 01.11.2013 oder vom 09. \u2013 13.12.2013.\u00c2\u00a0 Schwerpunkt des Seminars sind die rechtlichen und tats\u00e4chlichen Grundlagen der Personalratsarbeit. Allen Teilnehmern\/Innen werden die einschl\u00e4gigen Rechtsvorschriften sowie die aktuelle Rechtssprechung anhand von praktischen Beispielsf\u00e4llen vorgestellt. Desweiteren wird \u00fcber Konflikte im Arbeitsverh\u00e4ltnis und ihre L\u00f6sungen, \u00fcber Diskriminierung und Mobbing und \u00fcber das aktuelle Teilzeit- und Befristungsrecht referiert.\u00c2\u00a0 N\u00e4here Informationen gibt es auf der Homepage des Bonifatiushauses unter www.bonifatiushaus.de Anmeldungen sind telefonisch unter 0661\/8398-113 oder per Mail an info@bonifatiushaus.de m\u00f6glich.<\/p>\n","protected":false},"excerpt":{"rendered":"<div class=\"tmnf_excerpt\"><p>Fulda. Das Bonifatiushaus bietet vom 28.10. \u2013 01.11.2013 ein Seminar zur Vorbereitung auf den Ruhestand an. In diesem Seminar ist jeder Mann und jede Frau zu pers\u00f6nlichen Erkundungen f\u00fcr die zweite Lebensh\u00e4lfte eingeladen: Wie stellt man sich seine Zukunft vor? Kann man Neues wagen? Durch Vortr\u00e4ge und \u00dcbungen, sowie im Austausch mit Gleichgesinnten erhalten eigene &hellip;<\/p>\n<\/div>","protected":false},"author":1,"featured_media":0,"comment_status":"closed","ping_status":"closed","sticky":false,"template":"","format":"standard","meta":{"footnotes":""},"categories":[1,53],"tags":[],"class_list":["post-115627","post","type-post","status-publish","format-standard","hentry","category-startseite","category-bildung"],"_links":{"self":[{"href":"https:\/\/www.fuldaernachrichten.de\/index.php?rest_route=\/wp\/v2\/posts\/115627","targetHints":{"allow":["GET"]}}],"collection":[{"href":"https:\/\/www.fuldaernachrichten.de\/index.php?rest_route=\/wp\/v2\/posts"}],"about":[{"href":"https:\/\/www.fuldaernachrichten.de\/index.php?rest_route=\/wp\/v2\/types\/post"}],"author":[{"embeddable":true,"href":"https:\/\/www.fuldaernachrichten.de\/index.php?rest_route=\/wp\/v2\/users\/1"}],"replies":[{"embeddable":true,"href":"https:\/\/www.fuldaernachrichten.de\/index.php?rest_route=%2Fwp%2Fv2%2Fcomments&post=115627"}],"version-history":[{"count":1,"href":"https:\/\/www.fuldaernachrichten.de\/index.php?rest_route=\/wp\/v2\/posts\/115627\/revisions"}],"predecessor-version":[{"id":115628,"href":"https:\/\/www.fuldaernachrichten.de\/index.php?rest_route=\/wp\/v2\/posts\/115627\/revisions\/115628"}],"wp:attachment":[{"href":"https:\/\/www.fuldaernachrichten.de\/index.php?rest_route=%2Fwp%2Fv2%2Fmedia&parent=115627"}],"wp:term":[{"taxonomy":"category","embeddable":true,"href":"https:\/\/www.fuldaernachrichten.de\/index.php?rest_route=%2Fwp%2Fv2%2Fcategories&post=115627"},{"taxonomy":"post_tag","embeddable":true,"href":"https:\/\/www.fuldaernachrichten.de\/index.php?rest_route=%2Fwp%2Fv2%2Ftags&post=115627"}],"curies":[{"name":"wp","href":"https:\/\/api.w.org\/{rel}","templated":true}]}}