{"id":115613,"date":"2013-10-21T00:12:05","date_gmt":"2013-10-21T00:12:05","guid":{"rendered":"http:\/\/www.fuldaer-nachrichten.de\/?p=115613"},"modified":"2013-10-21T07:48:53","modified_gmt":"2013-10-21T07:48:53","slug":"fuer-jungen-selbstbehauptung-und-selbstverteidigung","status":"publish","type":"post","link":"https:\/\/www.fuldaernachrichten.de\/?p=115613","title":{"rendered":"F\u00fcr Jungen: Selbstbehauptung und Selbstverteidigung"},"content":{"rendered":"<p>Vogelsbergkreis. Das Jugendbildungswerk (JBW) des Vogelsbergkreises bietet zu den bekannten Sellbstbehauptungs-Seminaren f\u00fcr M\u00e4dchen bereits seit einigen Jahren erfolgreich entsprechende Seminare speziell f\u00fcr Jungen an. Das Aufbauseminar Selbstbehauptung\/Selbstverteidigung f\u00fcr 12- bis 14-j\u00e4hrige Jungen findet am Wochenende vom 2. und 3. November im Kreisjugendheim in Landenhausen statt. Die Seminarleitung besteht aus einem Anti-Aggressions-Trainer der Bundespolizei und Mitarbeitern des Jugendbildungswerkes.<!--more--><\/p>\n<p>Nachdem in der Vergangenheit die F\u00f6rderung von M\u00e4dchen im Fokus der Bem\u00fchungen der Jugendhilfe stand, hat man nun in den Schulen und besonders in der Jugendhilfe und vor allem in den Ma\u00dfnahmen \u201eHilfen zur Erziehung\u201c festgestellt, dass Jungen nicht selten einen schweren Stand haben. Es stehen auf der Tagesordnung: F\u00f6rderung sozialer Kompetenz, Hilfen zur m\u00e4nnlichen Identit\u00e4tsfindung, Ein\u00fcben von angemessenem Konfliktverhalten, Abwehr von Mobbing, Gewaltpr\u00e4vention.<\/p>\n<p>Nicht nur \u201eBetroffene\u201c sind angesprochen, grunds\u00e4tzlich ist jeder Sch\u00fcler potentieller Kandidat f\u00fcr dieses Seminar; denn Schulh\u00f6fe, Klassenzimmer und \u00f6ffentliche Pl\u00e4tze bieten heute gen\u00fcgend Konfliktpotenzial, das viele junge Leute vor gro\u00dfe Probleme bei der Bew\u00e4ltigung dieser Konflikte stellt. In diesem Zusammenhang sind auch die aktuellen Zwischenf\u00e4lle mit Jugendlichen oder jungen Erwachsenen auf \u00f6ffentlichen Pl\u00e4tzen zu sehen.<\/p>\n<p>In diesem Seminar geht es darum, die bereits gewonnenen Erkenntnisse zu vertiefen und \u201eSelbstbehauptung\u201c in der Praxis zu \u00fcben. Auch Anf\u00e4nger, die solch ein Seminar noch nicht besucht haben, k\u00f6nnen daran teilnehmen. Das Jugendbildungswerk r\u00e4t zu einer baldigen Anmeldung, denn die Nachfrage nach diesen Seminaren ist hoch. Informationen: Telefon 06641\/977-431 und 977-438.<\/p>\n","protected":false},"excerpt":{"rendered":"<div class=\"tmnf_excerpt\"><p>Vogelsbergkreis. Das Jugendbildungswerk (JBW) des Vogelsbergkreises bietet zu den bekannten Sellbstbehauptungs-Seminaren f\u00fcr M\u00e4dchen bereits seit einigen Jahren erfolgreich entsprechende Seminare speziell f\u00fcr Jungen an. Das Aufbauseminar Selbstbehauptung\/Selbstverteidigung f\u00fcr 12- bis 14-j\u00e4hrige Jungen findet am Wochenende vom 2. und 3. November im Kreisjugendheim in Landenhausen statt. Die Seminarleitung besteht aus einem Anti-Aggressions-Trainer der Bundespolizei und Mitarbeitern &hellip;<\/p>\n<\/div>","protected":false},"author":1,"featured_media":0,"comment_status":"closed","ping_status":"closed","sticky":false,"template":"","format":"standard","meta":{"footnotes":""},"categories":[1,53],"tags":[],"class_list":["post-115613","post","type-post","status-publish","format-standard","hentry","category-startseite","category-bildung"],"_links":{"self":[{"href":"https:\/\/www.fuldaernachrichten.de\/index.php?rest_route=\/wp\/v2\/posts\/115613","targetHints":{"allow":["GET"]}}],"collection":[{"href":"https:\/\/www.fuldaernachrichten.de\/index.php?rest_route=\/wp\/v2\/posts"}],"about":[{"href":"https:\/\/www.fuldaernachrichten.de\/index.php?rest_route=\/wp\/v2\/types\/post"}],"author":[{"embeddable":true,"href":"https:\/\/www.fuldaernachrichten.de\/index.php?rest_route=\/wp\/v2\/users\/1"}],"replies":[{"embeddable":true,"href":"https:\/\/www.fuldaernachrichten.de\/index.php?rest_route=%2Fwp%2Fv2%2Fcomments&post=115613"}],"version-history":[{"count":1,"href":"https:\/\/www.fuldaernachrichten.de\/index.php?rest_route=\/wp\/v2\/posts\/115613\/revisions"}],"predecessor-version":[{"id":115614,"href":"https:\/\/www.fuldaernachrichten.de\/index.php?rest_route=\/wp\/v2\/posts\/115613\/revisions\/115614"}],"wp:attachment":[{"href":"https:\/\/www.fuldaernachrichten.de\/index.php?rest_route=%2Fwp%2Fv2%2Fmedia&parent=115613"}],"wp:term":[{"taxonomy":"category","embeddable":true,"href":"https:\/\/www.fuldaernachrichten.de\/index.php?rest_route=%2Fwp%2Fv2%2Fcategories&post=115613"},{"taxonomy":"post_tag","embeddable":true,"href":"https:\/\/www.fuldaernachrichten.de\/index.php?rest_route=%2Fwp%2Fv2%2Ftags&post=115613"}],"curies":[{"name":"wp","href":"https:\/\/api.w.org\/{rel}","templated":true}]}}