{"id":115610,"date":"2013-10-21T07:46:49","date_gmt":"2013-10-21T07:46:49","guid":{"rendered":"http:\/\/www.fuldaer-nachrichten.de\/?p=115610"},"modified":"2013-10-21T07:46:49","modified_gmt":"2013-10-21T07:46:49","slug":"zwei-neue-auszubildende-bei-den-zement-und-kalkwerken-otterbein","status":"publish","type":"post","link":"https:\/\/www.fuldaernachrichten.de\/?p=115610","title":{"rendered":"Zwei neue Auszubildende bei den Zement- und Kalkwerken Otterbein"},"content":{"rendered":"<div id=\"attachment_115611\" style=\"width: 275px\" class=\"wp-caption alignleft\"><a href=\"http:\/\/www.fuldaer-nachrichten.de\/wp-content\/uploads\/2013\/10\/1.jpg\"><img decoding=\"async\" aria-describedby=\"caption-attachment-115611\" class=\"size-thumbnail wp-image-115611\" alt=\"Ausbilder Joachim Riese mit den Azubis Kevin Hamel und Tobias Dehler sowie Ausbilder Michael Koch (von links). \" src=\"http:\/\/www.fuldaer-nachrichten.de\/wp-content\/uploads\/2013\/10\/1-265x144.jpg\" width=\"265\" height=\"144\" srcset=\"https:\/\/www.fuldaernachrichten.de\/wp-content\/uploads\/2013\/10\/1-265x144.jpg 265w, https:\/\/www.fuldaernachrichten.de\/wp-content\/uploads\/2013\/10\/1.jpg 600w\" sizes=\"(max-width: 265px) 100vw, 265px\" \/><\/a><p id=\"caption-attachment-115611\" class=\"wp-caption-text\">Ausbilder Joachim Riese mit den Azubis Kevin Hamel und Tobias Dehler sowie Ausbilder Michael Koch (von links).<\/p><\/div>\n<p><b>Gro\u00dfenl\u00fcder\/M\u00fcs<\/b>. Um am Markt auch weiterhin erfolgreich bestehen zu k\u00f6nnen, setzen die Zement- und Kalkwerke Otterbein in Gro\u00dfenl\u00fcder auf den Nachwuchs: Zur Unterst\u00fctzung des Teams sind ab sofort der 17-j\u00e4hrigeTobias Dehler und der 16-j\u00e4hrige Kevin Hamel mit von der Partie. Tobias Dehler beginnt die Ausbildung zum Elektriker f\u00fcr Betriebstechnik und wird zuk\u00fcnftig f\u00fcr die Betreuung aller elektrischen Ger\u00e4tschaften wie Telefonanlagen, Computer oder Motoren zust\u00e4ndig sein. Als sp\u00e4terer Industriemechaniker im Fachbereich Betriebstechnik wird Kevin Hamel nach der Ausbildung im Bereich Instandhaltung und \u00dcberpr\u00fcfung der gesamten Technik eingesetzt. \u00c2\u00a0\u00c2\u00a0<!--more--><\/p>\n<p>Die beiden Jugendlichen konnten bereits wenige Woche nach dem Start in die Ausbildung erkennen, dass Teamwork und ein gutes Verh\u00e4ltnis im Betrieb gro\u00dfgeschrieben werden. Diese gute Zusammenarbeit liegt auch dem Ausbildungsleiter Michael Koch am Herzen: \u201eWenn alle Mitarbeiter \u00e2\u20ac\u0161Hand in Hand\u00e2\u20ac\u02dc arbeiten, werden die t\u00e4glichen Aufgaben schnell und pr\u00e4zise erledigt, dar\u00fcber hinaus ist durch diese enge Zusammenarbeit die Arbeitssicherheit im Unternehmen gew\u00e4hrleistet.\u201c Um dem Fachkr\u00e4ftemangel in der Region entgegen zu wirken, legt Ausbilder Joachim Riese besonderen Wert auf die Nachwuchsf\u00f6rderung: \u201eWir sind immer bestrebt, Lehrlinge aus der Region einzustellen, damit wir sp\u00e4ter auf gut ausgebildete Mitarbeiter zur\u00fcckgreifen k\u00f6nnen.\u201c<\/p>\n","protected":false},"excerpt":{"rendered":"<div class=\"tmnf_excerpt\"><p>Gro\u00dfenl\u00fcder\/M\u00fcs. Um am Markt auch weiterhin erfolgreich bestehen zu k\u00f6nnen, setzen die Zement- und Kalkwerke Otterbein in Gro\u00dfenl\u00fcder auf den Nachwuchs: Zur Unterst\u00fctzung des Teams sind ab sofort der 17-j\u00e4hrigeTobias Dehler und der 16-j\u00e4hrige Kevin Hamel mit von der Partie. Tobias Dehler beginnt die Ausbildung zum Elektriker f\u00fcr Betriebstechnik und wird zuk\u00fcnftig f\u00fcr die Betreuung &hellip;<\/p>\n<\/div>","protected":false},"author":1,"featured_media":0,"comment_status":"closed","ping_status":"closed","sticky":false,"template":"","format":"standard","meta":{"footnotes":""},"categories":[1,53,29],"tags":[],"class_list":["post-115610","post","type-post","status-publish","format-standard","hentry","category-startseite","category-bildung","category-politik"],"_links":{"self":[{"href":"https:\/\/www.fuldaernachrichten.de\/index.php?rest_route=\/wp\/v2\/posts\/115610","targetHints":{"allow":["GET"]}}],"collection":[{"href":"https:\/\/www.fuldaernachrichten.de\/index.php?rest_route=\/wp\/v2\/posts"}],"about":[{"href":"https:\/\/www.fuldaernachrichten.de\/index.php?rest_route=\/wp\/v2\/types\/post"}],"author":[{"embeddable":true,"href":"https:\/\/www.fuldaernachrichten.de\/index.php?rest_route=\/wp\/v2\/users\/1"}],"replies":[{"embeddable":true,"href":"https:\/\/www.fuldaernachrichten.de\/index.php?rest_route=%2Fwp%2Fv2%2Fcomments&post=115610"}],"version-history":[{"count":1,"href":"https:\/\/www.fuldaernachrichten.de\/index.php?rest_route=\/wp\/v2\/posts\/115610\/revisions"}],"predecessor-version":[{"id":115612,"href":"https:\/\/www.fuldaernachrichten.de\/index.php?rest_route=\/wp\/v2\/posts\/115610\/revisions\/115612"}],"wp:attachment":[{"href":"https:\/\/www.fuldaernachrichten.de\/index.php?rest_route=%2Fwp%2Fv2%2Fmedia&parent=115610"}],"wp:term":[{"taxonomy":"category","embeddable":true,"href":"https:\/\/www.fuldaernachrichten.de\/index.php?rest_route=%2Fwp%2Fv2%2Fcategories&post=115610"},{"taxonomy":"post_tag","embeddable":true,"href":"https:\/\/www.fuldaernachrichten.de\/index.php?rest_route=%2Fwp%2Fv2%2Ftags&post=115610"}],"curies":[{"name":"wp","href":"https:\/\/api.w.org\/{rel}","templated":true}]}}