{"id":115605,"date":"2013-10-21T07:39:22","date_gmt":"2013-10-21T07:39:22","guid":{"rendered":"http:\/\/www.fuldaer-nachrichten.de\/?p=115605"},"modified":"2013-10-21T07:39:22","modified_gmt":"2013-10-21T07:39:22","slug":"laubentsorgung-in-der-stadt-fulda-auch-buerger-muessen-laub-entsorgen","status":"publish","type":"post","link":"https:\/\/www.fuldaernachrichten.de\/?p=115605","title":{"rendered":"Laubentsorgung in der Stadt Fulda &#8211; Auch B\u00fcrger m\u00fcssen Laub entsorgen"},"content":{"rendered":"<p>Fulda (cp). Herbstzeit ist Erntezeit und die Zeit des vermehrten Bl\u00e4tterfalls. Sturm, Regen und die ersten Nachtfr\u00f6ste, das typische Herbstwetter, nehmen den B\u00e4umen ihr sommerliches Gewand und sorgen damit f\u00fcr viel Arbeit beim Betriebsamt der Stadt Fulda. Oberste Priorit\u00e4t bei der Laubbeseitigung hat die gesetzlich vorgegebene Verkehrssicherheit. Betriebsamtsleiter Franz Helmke betont, dass deswegen Schnelligkeit wichtig sei, um das Laub m\u00f6glichst\u00c2\u00a0 vor dem Wintereinbruch von der Stra\u00dfe zu bekommen. \u201eDamit es nicht zu Rutschpartien oder gar Unf\u00e4llen kommt, tun wir alles im Rahmen unserer M\u00f6glichkeiten. Unsere Mitarbeiterinnen und Mitarbeiter sind von morgens bis abends im Einsatz, um das Laub zu sammeln und einer ordnungsgem\u00e4\u00dfen Verwertung zuzuf\u00fchren\u201c, berichtet Stadtbaur\u00e4tin Cornelia Zuschke.<!--more--><\/p>\n<p><strong>Entsorgungsm\u00f6glichkeiten<\/strong><\/p>\n<p>Anwohner, die nach der Stra\u00dfenreinigungssatzung der Stadt Fulda zur Reinigung der \u00f6ffentlichen Verkehrsfl\u00e4chen entlang ihres Grundst\u00fcckes verpflichtet sind, sind hier ebenfalls f\u00fcr die Laubentsorgung verantwortlich. Laub und Wind machen an Grundst\u00fccksgrenzen nicht halt, deshalb muss jeder vor seinem Grundst\u00fcck reinigen \u2013 egal woher das Laub stammt. Auch Laub, das vom Nachbargrundst\u00fcck oder von st\u00e4dtischen B\u00e4umen auf den Gehweg f\u00e4llt, m\u00fcssen die verantwortlichen Anwohner sammeln und entsorgen. Doch wohin mit all dem Laub? Hier gibt es in der Stadt Fulda verschiedene M\u00f6glichkeiten \u2013 wie zum Beispiel die Biotonne, den Reisigsammelplatz in Maberzell sowie f\u00fcr Kleinmengen der Wertstoffhof in der Weimarer Stra\u00dfe. Hier k\u00f6nnen die Fuldaer B\u00fcrgerinnen und B\u00fcrger das gesammelte Laub kostenlos anliefern. Eine weitere sinnvolle M\u00f6glichkeit f\u00fcr den Gartenbesitzer ist der eigene Kompost, der als ausgezeichneter und nat\u00fcrlicher Bodenverbesserer den biologischen N\u00e4hrstoffkreislauf schlie\u00dft und gleichzeitig die Bodenqualit\u00e4t nachhaltig verbessert. Au\u00dferdem bieten Laubhaufen wichtige \u00dcberwinterungspl\u00e4tze f\u00fcr Igel und andere n\u00fctzliche Tiere.<\/p>\n<p><strong>Servicetelefon und E-Mailadresse<\/strong><br \/>\nF\u00fcr R\u00fcckfragen hat das Betriebsamt ein Servicetelefon mit der Nummer 0661\/102-1868 eingerichtet und ist unter der E-Mail-Adresse\u00c2\u00a0 Strassenreinigung.Winterdienst@fulda.de\u00c2\u00a0 erreichbar.<\/p>\n","protected":false},"excerpt":{"rendered":"<div class=\"tmnf_excerpt\"><p>Fulda (cp). Herbstzeit ist Erntezeit und die Zeit des vermehrten Bl\u00e4tterfalls. Sturm, Regen und die ersten Nachtfr\u00f6ste, das typische Herbstwetter, nehmen den B\u00e4umen ihr sommerliches Gewand und sorgen damit f\u00fcr viel Arbeit beim Betriebsamt der Stadt Fulda. Oberste Priorit\u00e4t bei der Laubbeseitigung hat die gesetzlich vorgegebene Verkehrssicherheit. Betriebsamtsleiter Franz Helmke betont, dass deswegen Schnelligkeit wichtig &hellip;<\/p>\n<\/div>","protected":false},"author":1,"featured_media":0,"comment_status":"closed","ping_status":"closed","sticky":false,"template":"","format":"standard","meta":{"footnotes":""},"categories":[1,52],"tags":[],"class_list":["post-115605","post","type-post","status-publish","format-standard","hentry","category-startseite","category-umwelt"],"_links":{"self":[{"href":"https:\/\/www.fuldaernachrichten.de\/index.php?rest_route=\/wp\/v2\/posts\/115605","targetHints":{"allow":["GET"]}}],"collection":[{"href":"https:\/\/www.fuldaernachrichten.de\/index.php?rest_route=\/wp\/v2\/posts"}],"about":[{"href":"https:\/\/www.fuldaernachrichten.de\/index.php?rest_route=\/wp\/v2\/types\/post"}],"author":[{"embeddable":true,"href":"https:\/\/www.fuldaernachrichten.de\/index.php?rest_route=\/wp\/v2\/users\/1"}],"replies":[{"embeddable":true,"href":"https:\/\/www.fuldaernachrichten.de\/index.php?rest_route=%2Fwp%2Fv2%2Fcomments&post=115605"}],"version-history":[{"count":1,"href":"https:\/\/www.fuldaernachrichten.de\/index.php?rest_route=\/wp\/v2\/posts\/115605\/revisions"}],"predecessor-version":[{"id":115606,"href":"https:\/\/www.fuldaernachrichten.de\/index.php?rest_route=\/wp\/v2\/posts\/115605\/revisions\/115606"}],"wp:attachment":[{"href":"https:\/\/www.fuldaernachrichten.de\/index.php?rest_route=%2Fwp%2Fv2%2Fmedia&parent=115605"}],"wp:term":[{"taxonomy":"category","embeddable":true,"href":"https:\/\/www.fuldaernachrichten.de\/index.php?rest_route=%2Fwp%2Fv2%2Fcategories&post=115605"},{"taxonomy":"post_tag","embeddable":true,"href":"https:\/\/www.fuldaernachrichten.de\/index.php?rest_route=%2Fwp%2Fv2%2Ftags&post=115605"}],"curies":[{"name":"wp","href":"https:\/\/api.w.org\/{rel}","templated":true}]}}