{"id":115469,"date":"2013-10-19T08:29:09","date_gmt":"2013-10-19T08:29:09","guid":{"rendered":"http:\/\/www.fuldaer-nachrichten.de\/?p=115469"},"modified":"2013-10-19T21:20:35","modified_gmt":"2013-10-19T21:20:35","slug":"zum-90-geburtstag-von-otfried-preussler","status":"publish","type":"post","link":"https:\/\/www.fuldaernachrichten.de\/?p=115469","title":{"rendered":"Zum 90. Geburtstag von Otfried Preu\u00dfler"},"content":{"rendered":"<p>Fulda. Am 20. Oktober 2013 w\u00e4re Otfried Preu\u00dfler 90 Jahre alt geworden. Dies nimmt die Hochschul-, Landes- und Stadtbibliothek Fulda (HLSB)zum Anlass, eine anschauliche Buchpr\u00e4sentation zu Leben und Werk des Autors zu zeigen. In der Galerie vor dem Lesesaal sind seine B\u00fccher und deren Adaptionen zu sehen. In der Kinder- und Jugendabteilung werden der Autor und seine bekannten Figuren kindgerecht dem jungen Publikum vorgestellt. Ein Vorlesenachmittag f\u00fcr Kinder von etwa 6 bis 8 Jahren am Mittwoch, 23. Oktober 2013, rundet die Ausstellung ab.<!--more--><\/p>\n<p>Der Geschichtenerz\u00e4hler Otfried Preu\u00dfler ist einer der bekanntesten und erfolgreichsten Autoren deutscher Sprache. Seine B\u00fccher sind auf der ganzen Welt zu Hause. Sie erreichten bisher weltweit eine Gesamtauflage von 50 Millionen Exemplaren und liegen in \u00fcber 300 \u00dcbersetzungen in mehr als 50 Sprachen vor. Seine bekanntesten Erz\u00e4hlungen sind \u201eDer kleine Wassermann\u201c, \u201eDie kleine Hexe\u201c, \u201eDer R\u00e4uber Hotzenplotz\u201c, \u201eDas kleine Gespenst\u201c und \u201eKrabat\u201c. Einige von ihnen wurden auch in Filmen, Puppenspielen und Theaterst\u00fccken umgesetzt.<\/p>\n<p>Otfried Preu\u00dfler wurde f\u00fcr sein Gesamtwerk und in W\u00fcrdigung seiner literarischen Verdienste mit zahlreichen Auszeichnungen geehrt, darunter auch dem Eichendorff-Literaturpreis und dem Bundesverdienstkreuz am Bande, sowie dem Bundesverdienstkreuz 1. Klasse. Preu\u00dfler sagte \u00fcber sich: \u201eIch bin ein vergleichsweise simpler Geschichtenerz\u00e4hler, der seine Geschichten aus guten Gr\u00fcnden mit besonderer Vorliebe Kindern erz\u00e4hlt. Auch erwachsenen Kindern \u00fcbrigens.\u201c<\/p>\n<p>Alle Kinder im Sinne Otfried Preu\u00dflers k\u00f6nnen sich die Buchpr\u00e4sentation vom 7. Oktober bis 14. November 2013 w\u00e4hrend der \u00d6ffnungszeiten der HLSB am Heinrich-von-Bibra-Platz montags, mittwochs und donnerstags von 9.30 bis 17 Uhr, dienstags und freitags von 9.30 bis 18 Uhr sowie samstags von 9.30 bis 12.30 Uhr anschauen.<\/p>\n","protected":false},"excerpt":{"rendered":"<div class=\"tmnf_excerpt\"><p>Fulda. Am 20. Oktober 2013 w\u00e4re Otfried Preu\u00dfler 90 Jahre alt geworden. Dies nimmt die Hochschul-, Landes- und Stadtbibliothek Fulda (HLSB)zum Anlass, eine anschauliche Buchpr\u00e4sentation zu Leben und Werk des Autors zu zeigen. In der Galerie vor dem Lesesaal sind seine B\u00fccher und deren Adaptionen zu sehen. In der Kinder- und Jugendabteilung werden der Autor &hellip;<\/p>\n<\/div>","protected":false},"author":1,"featured_media":0,"comment_status":"closed","ping_status":"closed","sticky":false,"template":"","format":"standard","meta":{"footnotes":""},"categories":[1],"tags":[],"class_list":["post-115469","post","type-post","status-publish","format-standard","hentry","category-startseite"],"_links":{"self":[{"href":"https:\/\/www.fuldaernachrichten.de\/index.php?rest_route=\/wp\/v2\/posts\/115469","targetHints":{"allow":["GET"]}}],"collection":[{"href":"https:\/\/www.fuldaernachrichten.de\/index.php?rest_route=\/wp\/v2\/posts"}],"about":[{"href":"https:\/\/www.fuldaernachrichten.de\/index.php?rest_route=\/wp\/v2\/types\/post"}],"author":[{"embeddable":true,"href":"https:\/\/www.fuldaernachrichten.de\/index.php?rest_route=\/wp\/v2\/users\/1"}],"replies":[{"embeddable":true,"href":"https:\/\/www.fuldaernachrichten.de\/index.php?rest_route=%2Fwp%2Fv2%2Fcomments&post=115469"}],"version-history":[{"count":4,"href":"https:\/\/www.fuldaernachrichten.de\/index.php?rest_route=\/wp\/v2\/posts\/115469\/revisions"}],"predecessor-version":[{"id":115587,"href":"https:\/\/www.fuldaernachrichten.de\/index.php?rest_route=\/wp\/v2\/posts\/115469\/revisions\/115587"}],"wp:attachment":[{"href":"https:\/\/www.fuldaernachrichten.de\/index.php?rest_route=%2Fwp%2Fv2%2Fmedia&parent=115469"}],"wp:term":[{"taxonomy":"category","embeddable":true,"href":"https:\/\/www.fuldaernachrichten.de\/index.php?rest_route=%2Fwp%2Fv2%2Fcategories&post=115469"},{"taxonomy":"post_tag","embeddable":true,"href":"https:\/\/www.fuldaernachrichten.de\/index.php?rest_route=%2Fwp%2Fv2%2Ftags&post=115469"}],"curies":[{"name":"wp","href":"https:\/\/api.w.org\/{rel}","templated":true}]}}