{"id":115462,"date":"2013-10-19T08:20:23","date_gmt":"2013-10-19T08:20:23","guid":{"rendered":"http:\/\/www.fuldaer-nachrichten.de\/?p=115462"},"modified":"2013-10-19T08:20:23","modified_gmt":"2013-10-19T08:20:23","slug":"region-und-genuss-erlebnisfuehrer-regionale-lebensmittel-erschienen","status":"publish","type":"post","link":"https:\/\/www.fuldaernachrichten.de\/?p=115462","title":{"rendered":"Region und Genuss &#8211;  Erlebnisf\u00fchrer \u201eRegionale Lebensmittel\u201c erschienen"},"content":{"rendered":"<p>Fulda. Anl\u00e4sslich des 7. Agrarkulturtags auf dem Antonius-Hof in Haimbach hat Landrat Bernd Woide den Erlebnisf\u00fchrer \u201eRegionale Lebensmittel\u201c vorgestellt. Mitarbeiter der Fachdienste Wirtschaftsf\u00f6rderung und Landwirtschaft der Kreisverwaltung haben in einem mehrmonatigen Prozess die Adressen von 50 Erzeugern und Vermarktern regionaler Lebensmittel im Landkreis Fulda zusammengetragen. Auch werden in der neuen Brosch\u00fcre Genuss-Tipps gegeben, wo es in der Region am besten schmeckt und wo besondere kulinarische Spezialit\u00e4ten zu finden sind. Nicht zuletzt informiert der handliche F\u00fchrer \u00fcber die Bauernm\u00e4rkte der Region.<!--more--><\/p>\n<p>Die Brosch\u00fcre wurde gemeinsam vom Landkreis Fulda, dem Biosph\u00e4renreservat Rh\u00f6n, dem Verein Natur- und Lebensraum Rh\u00f6n sowie dem Regionalforum Fulda S\u00fcdwest finanziert. Der Erlebnis- und Genussf\u00fchrer kann beim Landkreis Fulda, Telefon (0661)6006-746, und bei der Verwaltungsstelle des Biosph\u00e4renreservats, Telefon (06654)9612-0, bezogen werden. Ebenfalls steht er zum Download auf der Homepage des Landkreises <a href=\"http:\/\/www.landkreis-fulda.de\">www.landkreis-fulda.de<\/a> und des Biosph\u00e4renreservates www.brrhoen.de zur Verf\u00fcgung.<\/p>\n<p>&nbsp;<\/p>\n","protected":false},"excerpt":{"rendered":"<div class=\"tmnf_excerpt\"><p>Fulda. Anl\u00e4sslich des 7. Agrarkulturtags auf dem Antonius-Hof in Haimbach hat Landrat Bernd Woide den Erlebnisf\u00fchrer \u201eRegionale Lebensmittel\u201c vorgestellt. Mitarbeiter der Fachdienste Wirtschaftsf\u00f6rderung und Landwirtschaft der Kreisverwaltung haben in einem mehrmonatigen Prozess die Adressen von 50 Erzeugern und Vermarktern regionaler Lebensmittel im Landkreis Fulda zusammengetragen. Auch werden in der neuen Brosch\u00fcre Genuss-Tipps gegeben, wo es &hellip;<\/p>\n<\/div>","protected":false},"author":1,"featured_media":0,"comment_status":"closed","ping_status":"closed","sticky":false,"template":"","format":"standard","meta":{"footnotes":""},"categories":[1,37],"tags":[],"class_list":["post-115462","post","type-post","status-publish","format-standard","hentry","category-startseite","category-essen-und-trinken"],"_links":{"self":[{"href":"https:\/\/www.fuldaernachrichten.de\/index.php?rest_route=\/wp\/v2\/posts\/115462","targetHints":{"allow":["GET"]}}],"collection":[{"href":"https:\/\/www.fuldaernachrichten.de\/index.php?rest_route=\/wp\/v2\/posts"}],"about":[{"href":"https:\/\/www.fuldaernachrichten.de\/index.php?rest_route=\/wp\/v2\/types\/post"}],"author":[{"embeddable":true,"href":"https:\/\/www.fuldaernachrichten.de\/index.php?rest_route=\/wp\/v2\/users\/1"}],"replies":[{"embeddable":true,"href":"https:\/\/www.fuldaernachrichten.de\/index.php?rest_route=%2Fwp%2Fv2%2Fcomments&post=115462"}],"version-history":[{"count":1,"href":"https:\/\/www.fuldaernachrichten.de\/index.php?rest_route=\/wp\/v2\/posts\/115462\/revisions"}],"predecessor-version":[{"id":115463,"href":"https:\/\/www.fuldaernachrichten.de\/index.php?rest_route=\/wp\/v2\/posts\/115462\/revisions\/115463"}],"wp:attachment":[{"href":"https:\/\/www.fuldaernachrichten.de\/index.php?rest_route=%2Fwp%2Fv2%2Fmedia&parent=115462"}],"wp:term":[{"taxonomy":"category","embeddable":true,"href":"https:\/\/www.fuldaernachrichten.de\/index.php?rest_route=%2Fwp%2Fv2%2Fcategories&post=115462"},{"taxonomy":"post_tag","embeddable":true,"href":"https:\/\/www.fuldaernachrichten.de\/index.php?rest_route=%2Fwp%2Fv2%2Ftags&post=115462"}],"curies":[{"name":"wp","href":"https:\/\/api.w.org\/{rel}","templated":true}]}}