{"id":115455,"date":"2013-10-19T08:17:25","date_gmt":"2013-10-19T08:17:25","guid":{"rendered":"http:\/\/www.fuldaer-nachrichten.de\/?p=115455"},"modified":"2013-10-19T08:17:25","modified_gmt":"2013-10-19T08:17:25","slug":"die-frau-des-igels-oder-eine-lesereise-richtung-suedkamerun","status":"publish","type":"post","link":"https:\/\/www.fuldaernachrichten.de\/?p=115455","title":{"rendered":"\u201eDie Frau des Igels\u201c oder: Eine Lesereise Richtung S\u00fcdkamerun"},"content":{"rendered":"<div id=\"attachment_115456\" style=\"width: 275px\" class=\"wp-caption alignleft\"><img decoding=\"async\" aria-describedby=\"caption-attachment-115456\" class=\"size-thumbnail wp-image-115456\" alt=\"Der Autor Jean-F\u00e9lix Belinga Belinga liest den Sch\u00fclern an der Pestalozzischule die Geschichte \u201eWir drei gegen Onkel Chef\u201c vor. Foto: Jugendamt Vogelsbergkreis \" src=\"http:\/\/www.fuldaer-nachrichten.de\/wp-content\/uploads\/2013\/10\/Lesung-Gem\u00fcnden-001-265x181.jpg\" width=\"265\" height=\"181\" \/><p id=\"caption-attachment-115456\" class=\"wp-caption-text\">Der Autor Jean-F\u00e9lix Belinga Belinga liest den Sch\u00fclern an der Pestalozzischule die Geschichte \u201eWir drei gegen Onkel Chef\u201c vor. Foto: Jugendamt Vogelsbergkreis<\/p><\/div>\n<p>Homberg. Die Lesereise mit dem Buchautor Jean-F\u00e9lix Belinga Belinga startete am vergangen Donnerstag an der Grundschule in Homberg. Gemeinsam mit Herrn Belinga Belinga begaben sich die Sch\u00fclerinnen und Sch\u00fcler der vierten Klassen auf eine Reise nach S\u00fcdkamerun. Interessiert lauschten die Kinder der Lesung aus dem Buch \u201eDie Frau des Igels\u201c. Gemeinsam wurde gesungen, gelacht und die Geschichte vom Igel und seiner Frau besprochen. Lebendig wurden die Erz\u00e4hlungen durch die Begeisterung der Kinder.<!--more--><\/p>\n<p>Die Kinder nutzten nat\u00fcrlich auch die Chance, den im Odenwald lebenden Buchautoren zu seiner Kindheit in Kamerun und seinem heutigen Leben in Deutschland zu befragen. Fragen wie: \u201eGibt es dort wo du gewohnt hast wilde Tiere? Und greifen L\u00f6wen dort auch Menschen an?\u201c Der Autor erkl\u00e4rte den Kindern, dass Angriffe von Wildtieren auf Menschen sehr selten seien und L\u00f6wen in S\u00fcdkamerun nicht vork\u00e4men. Daf\u00fcr g\u00e4be es aber viele Elefanten.<\/p>\n<p>Die Antwort auf die Frage, ob Herr Belinga Belinga nicht lieber nur auf der Kaffee- und Kakaoplantage seiner Familie gearbeitet h\u00e4tte als in die Schule zu gehen, war spannend f\u00fcr die Ohren der Sch\u00fclerinnen und Sch\u00fcler: Den Kindern in seinem Heimatland sei der Schulbesuch sehr wichtig. Die Kinder w\u00fcssten schon sehr fr\u00fch, dass sie ohne einen Schulabschluss im Leben nicht viel erreichen k\u00f6nnten. Die Tatsache, dass den Kindern Besuch der Schule dort so wichtig ist und auch, dass die Schule in S\u00fcdkamerun Geld kostet kam einigen Sch\u00fclern allerdings etwas merkw\u00fcrdig vor. Am Ende waren sich aber alle \u00fcber eines einig: Die Zeit f\u00fcr die Lesung und das Gespr\u00e4ch zwischen Herrn Belinga Belinga und den Sch\u00fclerinnen und Sch\u00fclern ging viel zu schnell vorbei.<\/p>\n<p>Eine weitere Lesung des Autors fand an der Pestalozzi F\u00f6rderschule in Nieder-Gem\u00fcnden statt. Hier h\u00f6rten die Sch\u00fclerinnen und Sch\u00fcler die Geschichte \u201eWir drei gegen Onkel Chef\u201c. Und auch in dieser Schule fanden die Lesung und der Austausch mit Herrn Belinga Belinga gro\u00dfen Anklang bei den Zuh\u00f6rern. Gerne w\u00fcrde man noch gemeinsam einen Einblick in die Geheimnisse von K\u00fcche und Speisen in S\u00fcdkamerun gewinnen. Eine Weiterf\u00fchrung der Lesereise in die kulinarischen Ecken des Landes w\u00e4re Anlass f\u00fcr ein n\u00e4chstes Treffen. F\u00fcr den 11. November 2013 sind auch f\u00fcr die Grundschulen in Kirtorf und in Nieder-Gem\u00fcnden noch Lesereisen in Planung.<\/p>\n<p>Jean-F\u00e9lix Belinga Belinga ist neben seiner T\u00e4tigkeit als Autor von B\u00fcchern f\u00fcr Kinder und Erwachsene als Beauftragter f\u00fcr interkulturelle Bildung im Zentrum f\u00fcr \u00d6kumene der Evangelischen Kirche in Hessen und Nassau in Frankfurt t\u00e4tig. Geplant und organisiert wurde die Lesereise durch die Kooperation der schulbezogenen Jugendsozialarbeit des Vogelsbergkreises mit dem Weltladen e.V.\u00c2\u00a0 Alsfeld. Gef\u00f6rdert werden die Veranstaltungen durch das Bundesjugendprojekt \u201eToleranz f\u00f6rdern \u2013 Kompetenz st\u00e4rken\u201c. Gemeinsam hatten Uli Kill vom Alsfelder Weltladen und Nicole Gr\u00fcn, die f\u00fcr die Schulen in Kirtorf, Gem\u00fcnden\/Felda und Homberg\/Ohm im Auftrag des Vogelsbergkreises schulbezogene Jugendsozialarbeit macht, die Lesungen koordiniert und an die Schulen gebracht.<\/p>\n","protected":false},"excerpt":{"rendered":"<div class=\"tmnf_excerpt\"><p>Homberg. Die Lesereise mit dem Buchautor Jean-F\u00e9lix Belinga Belinga startete am vergangen Donnerstag an der Grundschule in Homberg. Gemeinsam mit Herrn Belinga Belinga begaben sich die Sch\u00fclerinnen und Sch\u00fcler der vierten Klassen auf eine Reise nach S\u00fcdkamerun. Interessiert lauschten die Kinder der Lesung aus dem Buch \u201eDie Frau des Igels\u201c. Gemeinsam wurde gesungen, gelacht und &hellip;<\/p>\n<\/div>","protected":false},"author":1,"featured_media":0,"comment_status":"closed","ping_status":"closed","sticky":false,"template":"","format":"standard","meta":{"footnotes":""},"categories":[1],"tags":[],"class_list":["post-115455","post","type-post","status-publish","format-standard","hentry","category-startseite"],"_links":{"self":[{"href":"https:\/\/www.fuldaernachrichten.de\/index.php?rest_route=\/wp\/v2\/posts\/115455","targetHints":{"allow":["GET"]}}],"collection":[{"href":"https:\/\/www.fuldaernachrichten.de\/index.php?rest_route=\/wp\/v2\/posts"}],"about":[{"href":"https:\/\/www.fuldaernachrichten.de\/index.php?rest_route=\/wp\/v2\/types\/post"}],"author":[{"embeddable":true,"href":"https:\/\/www.fuldaernachrichten.de\/index.php?rest_route=\/wp\/v2\/users\/1"}],"replies":[{"embeddable":true,"href":"https:\/\/www.fuldaernachrichten.de\/index.php?rest_route=%2Fwp%2Fv2%2Fcomments&post=115455"}],"version-history":[{"count":1,"href":"https:\/\/www.fuldaernachrichten.de\/index.php?rest_route=\/wp\/v2\/posts\/115455\/revisions"}],"predecessor-version":[{"id":115457,"href":"https:\/\/www.fuldaernachrichten.de\/index.php?rest_route=\/wp\/v2\/posts\/115455\/revisions\/115457"}],"wp:attachment":[{"href":"https:\/\/www.fuldaernachrichten.de\/index.php?rest_route=%2Fwp%2Fv2%2Fmedia&parent=115455"}],"wp:term":[{"taxonomy":"category","embeddable":true,"href":"https:\/\/www.fuldaernachrichten.de\/index.php?rest_route=%2Fwp%2Fv2%2Fcategories&post=115455"},{"taxonomy":"post_tag","embeddable":true,"href":"https:\/\/www.fuldaernachrichten.de\/index.php?rest_route=%2Fwp%2Fv2%2Ftags&post=115455"}],"curies":[{"name":"wp","href":"https:\/\/api.w.org\/{rel}","templated":true}]}}