{"id":115453,"date":"2013-10-19T08:15:56","date_gmt":"2013-10-19T08:15:56","guid":{"rendered":"http:\/\/www.fuldaer-nachrichten.de\/?p=115453"},"modified":"2013-10-19T08:15:56","modified_gmt":"2013-10-19T08:15:56","slug":"freude-am-denken-gedaechtnis-und-konzentrationstraining-65-plus","status":"publish","type":"post","link":"https:\/\/www.fuldaernachrichten.de\/?p=115453","title":{"rendered":"\u201eFreude am Denken\u201c: Ged\u00e4chtnis- und Konzentrationstraining 65 plus"},"content":{"rendered":"<p>Gl\u00e4serzell. Schon bei Cicero hei\u00dft es: <i>\u201eDas Ged\u00e4chtnisnimmt ab, wenn man es nicht \u00fcbt.\u201c <\/i>Der Ortsbeirat Gl\u00e4serzell l\u00e4dt erstmals alle Senioren ganz herzlich ein, gemeinsam mit anderen in einem sechsteiligen Ged\u00e4chtnistraining von jeweils 90 Minuten vor Ort in Gl\u00e4serzell spielerisch &#8211; ganz ohne Stress und ohne Leistungsdruck und sicher mit Spa\u00df &#8211; die Denkflexibilit\u00e4t zu trainieren. Kombinieren und Probieren, Querdenken und Sortieren, Hin und Her, Auf und Ab, das h\u00e4lt auch den Geist auf Trab.Die sechs Treffen finden jeweils montags im B\u00fcrgerhaus in Gl\u00e4serzell statt. Begleitet wird es durch die erfahrene Ged\u00e4chtnistrainerin Angelika Wahl aus Petersberg. Die Teilnehmerzahl ist begrenzt.<!--more--><\/p>\n<p>Beginn ist am Montag, den 4. November 2013 um 9.30 Uhr im B\u00fcrgerhaus. Die Kosten liegen bei 10 \u00e2\u201a\u00ac f\u00fcr die ganze Reihe. Der Beitrag ist bei Anmeldung oder bei der 1. Sitzung zu zahlen. Dieses Angebot findet in Zusammenarbeit mit der VHS statt und wird aus Seniorenmitteln der Stadt Fulda gef\u00f6rdert.<\/p>\n<p>Anmeldungen sp\u00e4testens bis Mittwoch, 23. Oktober beim Ortsvorsteher Eduard Hannig, Tel. 52742 oder mittwochs zwischen 16.00 \u2013 18.00 Uhr in seiner Sprechstunde im B\u00fcrgerhaus, Abt-Hadamar-Str. 5, Tel. 9529280<\/p>\n<p>&nbsp;<\/p>\n","protected":false},"excerpt":{"rendered":"<div class=\"tmnf_excerpt\"><p>Gl\u00e4serzell. Schon bei Cicero hei\u00dft es: \u201eDas Ged\u00e4chtnisnimmt ab, wenn man es nicht \u00fcbt.\u201c Der Ortsbeirat Gl\u00e4serzell l\u00e4dt erstmals alle Senioren ganz herzlich ein, gemeinsam mit anderen in einem sechsteiligen Ged\u00e4chtnistraining von jeweils 90 Minuten vor Ort in Gl\u00e4serzell spielerisch &#8211; ganz ohne Stress und ohne Leistungsdruck und sicher mit Spa\u00df &#8211; die Denkflexibilit\u00e4t zu &hellip;<\/p>\n<\/div>","protected":false},"author":1,"featured_media":0,"comment_status":"closed","ping_status":"closed","sticky":false,"template":"","format":"standard","meta":{"footnotes":""},"categories":[1],"tags":[],"class_list":["post-115453","post","type-post","status-publish","format-standard","hentry","category-startseite"],"_links":{"self":[{"href":"https:\/\/www.fuldaernachrichten.de\/index.php?rest_route=\/wp\/v2\/posts\/115453","targetHints":{"allow":["GET"]}}],"collection":[{"href":"https:\/\/www.fuldaernachrichten.de\/index.php?rest_route=\/wp\/v2\/posts"}],"about":[{"href":"https:\/\/www.fuldaernachrichten.de\/index.php?rest_route=\/wp\/v2\/types\/post"}],"author":[{"embeddable":true,"href":"https:\/\/www.fuldaernachrichten.de\/index.php?rest_route=\/wp\/v2\/users\/1"}],"replies":[{"embeddable":true,"href":"https:\/\/www.fuldaernachrichten.de\/index.php?rest_route=%2Fwp%2Fv2%2Fcomments&post=115453"}],"version-history":[{"count":1,"href":"https:\/\/www.fuldaernachrichten.de\/index.php?rest_route=\/wp\/v2\/posts\/115453\/revisions"}],"predecessor-version":[{"id":115454,"href":"https:\/\/www.fuldaernachrichten.de\/index.php?rest_route=\/wp\/v2\/posts\/115453\/revisions\/115454"}],"wp:attachment":[{"href":"https:\/\/www.fuldaernachrichten.de\/index.php?rest_route=%2Fwp%2Fv2%2Fmedia&parent=115453"}],"wp:term":[{"taxonomy":"category","embeddable":true,"href":"https:\/\/www.fuldaernachrichten.de\/index.php?rest_route=%2Fwp%2Fv2%2Fcategories&post=115453"},{"taxonomy":"post_tag","embeddable":true,"href":"https:\/\/www.fuldaernachrichten.de\/index.php?rest_route=%2Fwp%2Fv2%2Ftags&post=115453"}],"curies":[{"name":"wp","href":"https:\/\/api.w.org\/{rel}","templated":true}]}}