{"id":115420,"date":"2013-10-18T00:10:02","date_gmt":"2013-10-18T00:10:02","guid":{"rendered":"http:\/\/www.fuldaer-nachrichten.de\/?p=115420"},"modified":"2013-10-18T08:57:59","modified_gmt":"2013-10-18T08:57:59","slug":"eroeffnung-stadtteilbuecherei-fulda-galerie","status":"publish","type":"post","link":"https:\/\/www.fuldaernachrichten.de\/?p=115420","title":{"rendered":"Er\u00f6ffnung Stadtteilb\u00fccherei Fulda-Galerie"},"content":{"rendered":"<p>Fulda (cp). Der Umzug der Stadtteilb\u00fccherei Fulda-Galerie ist abgeschlossen. Die Er\u00f6ffnung ist am Dienstag, 29. Oktober 2013 von 17:00 Uhr bis 18:00 Uhr in den R\u00e4umen im Towergeb\u00e4ude in der Lyonel-Feininger-Stra\u00dfe\/Ernst-Barlach-Stra\u00dfe. Der Eingang befindet sich an der R\u00fcckseite des Geb\u00e4udes. Die bisherigen \u00d6ffnungszeiten bleiben unver\u00e4ndert: Dienstag und Donnerstag jeweils 17:00 Uhr bis 18:00 Uhr.<\/p>\n","protected":false},"excerpt":{"rendered":"<div class=\"tmnf_excerpt\"><p>Fulda (cp). Der Umzug der Stadtteilb\u00fccherei Fulda-Galerie ist abgeschlossen. Die Er\u00f6ffnung ist am Dienstag, 29. Oktober 2013 von 17:00 Uhr bis 18:00 Uhr in den R\u00e4umen im Towergeb\u00e4ude in der Lyonel-Feininger-Stra\u00dfe\/Ernst-Barlach-Stra\u00dfe. Der Eingang befindet sich an der R\u00fcckseite des Geb\u00e4udes. Die bisherigen \u00d6ffnungszeiten bleiben unver\u00e4ndert: Dienstag und Donnerstag jeweils 17:00 Uhr bis 18:00 Uhr.<\/p>\n<\/div>","protected":false},"author":1,"featured_media":0,"comment_status":"closed","ping_status":"closed","sticky":false,"template":"","format":"standard","meta":{"footnotes":""},"categories":[1],"tags":[],"class_list":["post-115420","post","type-post","status-publish","format-standard","hentry","category-startseite"],"_links":{"self":[{"href":"https:\/\/www.fuldaernachrichten.de\/index.php?rest_route=\/wp\/v2\/posts\/115420","targetHints":{"allow":["GET"]}}],"collection":[{"href":"https:\/\/www.fuldaernachrichten.de\/index.php?rest_route=\/wp\/v2\/posts"}],"about":[{"href":"https:\/\/www.fuldaernachrichten.de\/index.php?rest_route=\/wp\/v2\/types\/post"}],"author":[{"embeddable":true,"href":"https:\/\/www.fuldaernachrichten.de\/index.php?rest_route=\/wp\/v2\/users\/1"}],"replies":[{"embeddable":true,"href":"https:\/\/www.fuldaernachrichten.de\/index.php?rest_route=%2Fwp%2Fv2%2Fcomments&post=115420"}],"version-history":[{"count":1,"href":"https:\/\/www.fuldaernachrichten.de\/index.php?rest_route=\/wp\/v2\/posts\/115420\/revisions"}],"predecessor-version":[{"id":115421,"href":"https:\/\/www.fuldaernachrichten.de\/index.php?rest_route=\/wp\/v2\/posts\/115420\/revisions\/115421"}],"wp:attachment":[{"href":"https:\/\/www.fuldaernachrichten.de\/index.php?rest_route=%2Fwp%2Fv2%2Fmedia&parent=115420"}],"wp:term":[{"taxonomy":"category","embeddable":true,"href":"https:\/\/www.fuldaernachrichten.de\/index.php?rest_route=%2Fwp%2Fv2%2Fcategories&post=115420"},{"taxonomy":"post_tag","embeddable":true,"href":"https:\/\/www.fuldaernachrichten.de\/index.php?rest_route=%2Fwp%2Fv2%2Ftags&post=115420"}],"curies":[{"name":"wp","href":"https:\/\/api.w.org\/{rel}","templated":true}]}}