{"id":115417,"date":"2013-10-18T08:44:50","date_gmt":"2013-10-18T08:44:50","guid":{"rendered":"http:\/\/www.fuldaer-nachrichten.de\/?p=115417"},"modified":"2013-10-18T08:44:50","modified_gmt":"2013-10-18T08:44:50","slug":"kunst-workshop-im-vonderau-museum-malen-mit-acrylfarben","status":"publish","type":"post","link":"https:\/\/www.fuldaernachrichten.de\/?p=115417","title":{"rendered":"Kunst-Workshop im Vonderau Museum: Malen mit Acrylfarben"},"content":{"rendered":"<p><img decoding=\"async\" class=\"alignleft size-thumbnail wp-image-115418\" alt=\"Malen mit Acrylfarben Kurs im VM Nov2013\" src=\"http:\/\/www.fuldaer-nachrichten.de\/wp-content\/uploads\/2013\/10\/Malen-mit-Acrylfarben-Kurs-im-VM-Nov2013-265x177.jpg\" width=\"265\" height=\"177\" srcset=\"https:\/\/www.fuldaernachrichten.de\/wp-content\/uploads\/2013\/10\/Malen-mit-Acrylfarben-Kurs-im-VM-Nov2013-265x177.jpg 265w, https:\/\/www.fuldaernachrichten.de\/wp-content\/uploads\/2013\/10\/Malen-mit-Acrylfarben-Kurs-im-VM-Nov2013.jpg 600w\" sizes=\"(max-width: 265px) 100vw, 265px\" \/>Fulda (cp). Die gro\u00dfe Beliebtheit der Acrylfarbe ist durch ihre hohe Vielseitigkeit zu erkl\u00e4ren. Im Gegensatz zur \u00d6lfarbe ist die Acrylfarbe wasserl\u00f6slich, schnell trocknend und geruchsfrei. Sie eignet sich f\u00fcr viele Malgr\u00fcnde wie Papier, Leinwand, Holz und Stein. Sie kann wasserverd\u00fcnnt oder pastos, mit Pinsel oder Spachtel aufgetragen werden. Nach einem kurzen Abstecher ins Museum lernen die Workshop-Teilnehmer den Umgang mit Acrylfarben und den richtigen Aufbau eines Bildes. Anhand einer attraktiven Bildvorlage und mit Unterst\u00fctzung der K\u00fcnstlerin fertigen die Teilnehmer dann ihr eigenes Acrylgem\u00e4lde. Es werden hochwertige Acrylkartons (30x40cm) und Borstenpinsel in allen Gr\u00f6\u00dfen verwendet. Dieser Workshop eignet sich f\u00fcr Malanf\u00e4nger und Fortgeschrittene, die auf Acrylfarbe umsteigen m\u00f6chten.<!--more--><\/p>\n<p><strong>Termin:<\/strong> Freitag, 01. November 2013, 17:00 Uhr bis 20:00 Uhr<br \/>\n<strong>Geb\u00fchr:<\/strong> 35,- \u00e2\u201a\u00ac inkl. aller Malutensilien + Acrylkarton<br \/>\n<strong>Kursort:<\/strong> K\u00fcnstlergalerie im Vonderau Museum, Jesuitenplatz 2, 36037 Fulda<br \/>\n<strong>Anmeldung + Durchf\u00fchrung:<\/strong> Kornelia Wagner, Tel. 0661\/102-3218, www.museum-fulda.de + Verena K\u00fchnlein, Tel: 0661\/4800178, www.verenz.de.<\/p>\n","protected":false},"excerpt":{"rendered":"<div class=\"tmnf_excerpt\"><p>Fulda (cp). Die gro\u00dfe Beliebtheit der Acrylfarbe ist durch ihre hohe Vielseitigkeit zu erkl\u00e4ren. Im Gegensatz zur \u00d6lfarbe ist die Acrylfarbe wasserl\u00f6slich, schnell trocknend und geruchsfrei. Sie eignet sich f\u00fcr viele Malgr\u00fcnde wie Papier, Leinwand, Holz und Stein. Sie kann wasserverd\u00fcnnt oder pastos, mit Pinsel oder Spachtel aufgetragen werden. Nach einem kurzen Abstecher ins Museum &hellip;<\/p>\n<\/div>","protected":false},"author":1,"featured_media":0,"comment_status":"closed","ping_status":"closed","sticky":false,"template":"","format":"standard","meta":{"footnotes":""},"categories":[1],"tags":[],"class_list":["post-115417","post","type-post","status-publish","format-standard","hentry","category-startseite"],"_links":{"self":[{"href":"https:\/\/www.fuldaernachrichten.de\/index.php?rest_route=\/wp\/v2\/posts\/115417","targetHints":{"allow":["GET"]}}],"collection":[{"href":"https:\/\/www.fuldaernachrichten.de\/index.php?rest_route=\/wp\/v2\/posts"}],"about":[{"href":"https:\/\/www.fuldaernachrichten.de\/index.php?rest_route=\/wp\/v2\/types\/post"}],"author":[{"embeddable":true,"href":"https:\/\/www.fuldaernachrichten.de\/index.php?rest_route=\/wp\/v2\/users\/1"}],"replies":[{"embeddable":true,"href":"https:\/\/www.fuldaernachrichten.de\/index.php?rest_route=%2Fwp%2Fv2%2Fcomments&post=115417"}],"version-history":[{"count":1,"href":"https:\/\/www.fuldaernachrichten.de\/index.php?rest_route=\/wp\/v2\/posts\/115417\/revisions"}],"predecessor-version":[{"id":115419,"href":"https:\/\/www.fuldaernachrichten.de\/index.php?rest_route=\/wp\/v2\/posts\/115417\/revisions\/115419"}],"wp:attachment":[{"href":"https:\/\/www.fuldaernachrichten.de\/index.php?rest_route=%2Fwp%2Fv2%2Fmedia&parent=115417"}],"wp:term":[{"taxonomy":"category","embeddable":true,"href":"https:\/\/www.fuldaernachrichten.de\/index.php?rest_route=%2Fwp%2Fv2%2Fcategories&post=115417"},{"taxonomy":"post_tag","embeddable":true,"href":"https:\/\/www.fuldaernachrichten.de\/index.php?rest_route=%2Fwp%2Fv2%2Ftags&post=115417"}],"curies":[{"name":"wp","href":"https:\/\/api.w.org\/{rel}","templated":true}]}}