{"id":115415,"date":"2013-10-18T08:39:21","date_gmt":"2013-10-18T08:39:21","guid":{"rendered":"http:\/\/www.fuldaer-nachrichten.de\/?p=115415"},"modified":"2013-10-26T08:59:57","modified_gmt":"2013-10-26T08:59:57","slug":"der-kartenverkauf-fuer-den-14-fuldaer-zukunftssalon-im-fuerstensaal-hat-begonnen","status":"publish","type":"post","link":"https:\/\/www.fuldaernachrichten.de\/?p=115415","title":{"rendered":"Der Kartenverkauf f\u00fcr den 14. Fuldaer ZukunftsSalon im F\u00fcrstensaal hat begonnen"},"content":{"rendered":"<p>Fulda (cp). Der n\u00e4chste Fuldaer ZukunftsSalon findet am 4. November 2013 im F\u00fcrstensaal im Stadtschloss statt. Im Rahmen dieser Reihe von Stadt und Hochschule Fulda geht Prof. Dr. Harald Walach der Frage nach, ob Bewusstseinsforschung ein Thema zuk\u00fcnftiger Forschung sein wird. Prof. Walach ist Leiter des Instituts f\u00fcr Transkulturelle Gesundheitswissenschaften an der Europa Unversit\u00e4t Viadrina, Frankfurt (Oder) und Prof. f\u00fcr Forschungsmethodik der Komplement\u00e4rmedizin. Er besch\u00e4ftigt sich unter anderem mit der Schnittstelle zwischen Bewusstsein und den Auswirkungen auf den K\u00f6rper und die Gesundheit. Der ZukunftsSalon wird wieder begleitet von Frank Tischer am Fl\u00fcgel. Karten (3,00 \u00e2\u201a\u00ac) gibt es im B\u00fcrgerb\u00fcro der Stadt Fulda.<\/p>\n","protected":false},"excerpt":{"rendered":"<div class=\"tmnf_excerpt\"><p>Fulda (cp). Der n\u00e4chste Fuldaer ZukunftsSalon findet am 4. November 2013 im F\u00fcrstensaal im Stadtschloss statt. Im Rahmen dieser Reihe von Stadt und Hochschule Fulda geht Prof. Dr. Harald Walach der Frage nach, ob Bewusstseinsforschung ein Thema zuk\u00fcnftiger Forschung sein wird. Prof. Walach ist Leiter des Instituts f\u00fcr Transkulturelle Gesundheitswissenschaften an der Europa Unversit\u00e4t Viadrina, &hellip;<\/p>\n<\/div>","protected":false},"author":1,"featured_media":0,"comment_status":"closed","ping_status":"closed","sticky":false,"template":"","format":"standard","meta":{"footnotes":""},"categories":[1,48],"tags":[],"class_list":["post-115415","post","type-post","status-publish","format-standard","hentry","category-startseite","category-forschung"],"_links":{"self":[{"href":"https:\/\/www.fuldaernachrichten.de\/index.php?rest_route=\/wp\/v2\/posts\/115415","targetHints":{"allow":["GET"]}}],"collection":[{"href":"https:\/\/www.fuldaernachrichten.de\/index.php?rest_route=\/wp\/v2\/posts"}],"about":[{"href":"https:\/\/www.fuldaernachrichten.de\/index.php?rest_route=\/wp\/v2\/types\/post"}],"author":[{"embeddable":true,"href":"https:\/\/www.fuldaernachrichten.de\/index.php?rest_route=\/wp\/v2\/users\/1"}],"replies":[{"embeddable":true,"href":"https:\/\/www.fuldaernachrichten.de\/index.php?rest_route=%2Fwp%2Fv2%2Fcomments&post=115415"}],"version-history":[{"count":2,"href":"https:\/\/www.fuldaernachrichten.de\/index.php?rest_route=\/wp\/v2\/posts\/115415\/revisions"}],"predecessor-version":[{"id":115869,"href":"https:\/\/www.fuldaernachrichten.de\/index.php?rest_route=\/wp\/v2\/posts\/115415\/revisions\/115869"}],"wp:attachment":[{"href":"https:\/\/www.fuldaernachrichten.de\/index.php?rest_route=%2Fwp%2Fv2%2Fmedia&parent=115415"}],"wp:term":[{"taxonomy":"category","embeddable":true,"href":"https:\/\/www.fuldaernachrichten.de\/index.php?rest_route=%2Fwp%2Fv2%2Fcategories&post=115415"},{"taxonomy":"post_tag","embeddable":true,"href":"https:\/\/www.fuldaernachrichten.de\/index.php?rest_route=%2Fwp%2Fv2%2Ftags&post=115415"}],"curies":[{"name":"wp","href":"https:\/\/api.w.org\/{rel}","templated":true}]}}