{"id":115413,"date":"2013-10-18T08:36:49","date_gmt":"2013-10-18T08:36:49","guid":{"rendered":"http:\/\/www.fuldaer-nachrichten.de\/?p=115413"},"modified":"2013-10-18T08:36:49","modified_gmt":"2013-10-18T08:36:49","slug":"lesung-zum-thema-manisch-depressiv-entfaellt","status":"publish","type":"post","link":"https:\/\/www.fuldaernachrichten.de\/?p=115413","title":{"rendered":"Lesung zum Thema Manisch \u2013 Depressiv entf\u00e4llt"},"content":{"rendered":"<p>Rasdorf. Wie Autorin Elisabeth Gurcke heute mitteilen lies, muss die Lesung aus ihrem Buch \u201eIch bin verr\u00fcckt, aber keine Verr\u00fcckte\u201c am Sonntag, 20. Oktober 18.30 Uhr im Gasthof \u201eZum Adler\u201c in Rasdorf aus gesundheitlichen Gr\u00fcnden ausfallen. Gekaufte Karten k\u00f6nne zur\u00fcckgegeben oder f\u00fcr eine folgende Veranstaltung verwendet werden. Am Sonntag, 17. November, 18.30 Uhr liest die Autorin in der Alten Schule in Hilders. Einlass ist ab 18 Uhr. Karten f\u00fcr 7 Euro im Vorverkauf gibt es in der Alten Schule Hilders oder direkt bei der Autorin Elisabeth Gurcke, Biebersteiner Str. 12, 36160 Dipperz, Tel.: 06657- 9143636<\/p>\n<p>&nbsp;<\/p>\n<p>&nbsp;<\/p>\n","protected":false},"excerpt":{"rendered":"<div class=\"tmnf_excerpt\"><p>Rasdorf. Wie Autorin Elisabeth Gurcke heute mitteilen lies, muss die Lesung aus ihrem Buch \u201eIch bin verr\u00fcckt, aber keine Verr\u00fcckte\u201c am Sonntag, 20. Oktober 18.30 Uhr im Gasthof \u201eZum Adler\u201c in Rasdorf aus gesundheitlichen Gr\u00fcnden ausfallen. Gekaufte Karten k\u00f6nne zur\u00fcckgegeben oder f\u00fcr eine folgende Veranstaltung verwendet werden. Am Sonntag, 17. November, 18.30 Uhr liest die &hellip;<\/p>\n<\/div>","protected":false},"author":1,"featured_media":0,"comment_status":"closed","ping_status":"closed","sticky":false,"template":"","format":"standard","meta":{"footnotes":""},"categories":[1],"tags":[],"class_list":["post-115413","post","type-post","status-publish","format-standard","hentry","category-startseite"],"_links":{"self":[{"href":"https:\/\/www.fuldaernachrichten.de\/index.php?rest_route=\/wp\/v2\/posts\/115413","targetHints":{"allow":["GET"]}}],"collection":[{"href":"https:\/\/www.fuldaernachrichten.de\/index.php?rest_route=\/wp\/v2\/posts"}],"about":[{"href":"https:\/\/www.fuldaernachrichten.de\/index.php?rest_route=\/wp\/v2\/types\/post"}],"author":[{"embeddable":true,"href":"https:\/\/www.fuldaernachrichten.de\/index.php?rest_route=\/wp\/v2\/users\/1"}],"replies":[{"embeddable":true,"href":"https:\/\/www.fuldaernachrichten.de\/index.php?rest_route=%2Fwp%2Fv2%2Fcomments&post=115413"}],"version-history":[{"count":1,"href":"https:\/\/www.fuldaernachrichten.de\/index.php?rest_route=\/wp\/v2\/posts\/115413\/revisions"}],"predecessor-version":[{"id":115414,"href":"https:\/\/www.fuldaernachrichten.de\/index.php?rest_route=\/wp\/v2\/posts\/115413\/revisions\/115414"}],"wp:attachment":[{"href":"https:\/\/www.fuldaernachrichten.de\/index.php?rest_route=%2Fwp%2Fv2%2Fmedia&parent=115413"}],"wp:term":[{"taxonomy":"category","embeddable":true,"href":"https:\/\/www.fuldaernachrichten.de\/index.php?rest_route=%2Fwp%2Fv2%2Fcategories&post=115413"},{"taxonomy":"post_tag","embeddable":true,"href":"https:\/\/www.fuldaernachrichten.de\/index.php?rest_route=%2Fwp%2Fv2%2Ftags&post=115413"}],"curies":[{"name":"wp","href":"https:\/\/api.w.org\/{rel}","templated":true}]}}