{"id":115411,"date":"2013-10-18T08:36:07","date_gmt":"2013-10-18T08:36:07","guid":{"rendered":"http:\/\/www.fuldaer-nachrichten.de\/?p=115411"},"modified":"2013-10-18T08:36:07","modified_gmt":"2013-10-18T08:36:07","slug":"das-theaterbuero-ist-vom-21-25-10-13-geschlossen","status":"publish","type":"post","link":"https:\/\/www.fuldaernachrichten.de\/?p=115411","title":{"rendered":"Das Theaterb\u00fcro ist vom 21.-25.10.13 geschlossen"},"content":{"rendered":"<p>Fulda. W\u00e4hrend der Herbstferien ist das Theaterb\u00fcro, Schlossstr. 5, von Montag, 21. bis Freitag, 25. Oktober 2013 geschlossen. Eintrittskarten k\u00f6nnen in dieser Zeit im B\u00fcrgerb\u00fcro, Schlossstr. 1, zu den bekannten \u00d6ffnungszeiten erworben werden. Am Montag, 28. Oktober 2013 ist das Theaterb\u00fcro wieder ge\u00f6ffnet.<\/p>\n","protected":false},"excerpt":{"rendered":"<div class=\"tmnf_excerpt\"><p>Fulda. W\u00e4hrend der Herbstferien ist das Theaterb\u00fcro, Schlossstr. 5, von Montag, 21. bis Freitag, 25. Oktober 2013 geschlossen. Eintrittskarten k\u00f6nnen in dieser Zeit im B\u00fcrgerb\u00fcro, Schlossstr. 1, zu den bekannten \u00d6ffnungszeiten erworben werden. Am Montag, 28. Oktober 2013 ist das Theaterb\u00fcro wieder ge\u00f6ffnet.<\/p>\n<\/div>","protected":false},"author":1,"featured_media":0,"comment_status":"closed","ping_status":"closed","sticky":false,"template":"","format":"standard","meta":{"footnotes":""},"categories":[1],"tags":[],"class_list":["post-115411","post","type-post","status-publish","format-standard","hentry","category-startseite"],"_links":{"self":[{"href":"https:\/\/www.fuldaernachrichten.de\/index.php?rest_route=\/wp\/v2\/posts\/115411","targetHints":{"allow":["GET"]}}],"collection":[{"href":"https:\/\/www.fuldaernachrichten.de\/index.php?rest_route=\/wp\/v2\/posts"}],"about":[{"href":"https:\/\/www.fuldaernachrichten.de\/index.php?rest_route=\/wp\/v2\/types\/post"}],"author":[{"embeddable":true,"href":"https:\/\/www.fuldaernachrichten.de\/index.php?rest_route=\/wp\/v2\/users\/1"}],"replies":[{"embeddable":true,"href":"https:\/\/www.fuldaernachrichten.de\/index.php?rest_route=%2Fwp%2Fv2%2Fcomments&post=115411"}],"version-history":[{"count":1,"href":"https:\/\/www.fuldaernachrichten.de\/index.php?rest_route=\/wp\/v2\/posts\/115411\/revisions"}],"predecessor-version":[{"id":115412,"href":"https:\/\/www.fuldaernachrichten.de\/index.php?rest_route=\/wp\/v2\/posts\/115411\/revisions\/115412"}],"wp:attachment":[{"href":"https:\/\/www.fuldaernachrichten.de\/index.php?rest_route=%2Fwp%2Fv2%2Fmedia&parent=115411"}],"wp:term":[{"taxonomy":"category","embeddable":true,"href":"https:\/\/www.fuldaernachrichten.de\/index.php?rest_route=%2Fwp%2Fv2%2Fcategories&post=115411"},{"taxonomy":"post_tag","embeddable":true,"href":"https:\/\/www.fuldaernachrichten.de\/index.php?rest_route=%2Fwp%2Fv2%2Ftags&post=115411"}],"curies":[{"name":"wp","href":"https:\/\/api.w.org\/{rel}","templated":true}]}}