{"id":115396,"date":"2013-10-18T08:25:49","date_gmt":"2013-10-18T08:25:49","guid":{"rendered":"http:\/\/www.fuldaer-nachrichten.de\/?p=115396"},"modified":"2013-10-18T08:26:37","modified_gmt":"2013-10-18T08:26:37","slug":"sabrina-eierdanz-ist-hessens-beste-fachverkaeuferin-feinkost-bei-tegut","status":"publish","type":"post","link":"https:\/\/www.fuldaernachrichten.de\/?p=115396","title":{"rendered":"Sabrina Eierdanz ist Hessens beste Fachverk\u00e4uferin Feinkost bei tegut\u00e2\u20ac\u00a6"},"content":{"rendered":"<p><img fetchpriority=\"high\" decoding=\"async\" class=\"alignleft size-thumbnail wp-image-115397\" alt=\"tegut... Sabrina Eierdanz- Hessens beste FeinkostFachverk\u00e4uferin\" src=\"http:\/\/www.fuldaer-nachrichten.de\/wp-content\/uploads\/2013\/10\/tegut...-Sabrina-Eierdanz-Hessens-beste-FeinkostFachverk\u00e4uferin-265x198.jpg\" width=\"265\" height=\"198\" \/>Frankenberg. Sabrina Eierdanz aus Ernsthausen-Burgwald ist die beste \u201eFachverk\u00e4uferin Feinkost\u201c in ganz Hessen. Sie belegt den 1. Platz als Fachverk\u00e4uferin im Lebensmittelhandwerk \u2013 Schwerpunkt Fleischerei beim Entscheid des Hessischen Landesverbands der Fleischer in Hessen. Frank Weis, Fleischermeister und tegut\u00e2\u20ac\u00a6 Fachberater Feinkost, ist stolz und freut sich, dass die intensive Vorbereitung auf die Endausscheidung des Landes Hessen Fr\u00fcchte getragen hat. Ausgebildet wurde Frau Eierdanz in dem tegut\u00e2\u20ac\u00a6 Markt Marburg-Cappel von Fleischermeister Manfred Kleem. <!--more--><\/p>\n<p>\u201eSchon das Gef\u00fchl, mit den anderen Kammerbesten im Landesentscheid dabei sein zu d\u00fcrfen, hat mich riesig gefreut, einem Sieg auf Landesebene habe ich nicht einkalkuliert\u201c, berichtet Frau Eierdanz. Nun ist sie sogar zum Bundesentscheid vom 17. bis 21. November in Schw\u00e4bisch Gm\u00fcnd eingeladen. Die Fleischermeister sowie die beiden tegut\u00e2\u20ac\u00a6Gebietsverantwortlichen Thomas St\u00e4b und Kai Krummel unterst\u00fctzen sie in der Vorbereitung mit Rat und Tat &#8211; und wer wei\u00df, vielleicht steht sie auch beim Bundesentscheid auf dem Siegertreppchen.<\/p>\n","protected":false},"excerpt":{"rendered":"<div class=\"tmnf_excerpt\"><p>Frankenberg. Sabrina Eierdanz aus Ernsthausen-Burgwald ist die beste \u201eFachverk\u00e4uferin Feinkost\u201c in ganz Hessen. Sie belegt den 1. Platz als Fachverk\u00e4uferin im Lebensmittelhandwerk \u2013 Schwerpunkt Fleischerei beim Entscheid des Hessischen Landesverbands der Fleischer in Hessen. Frank Weis, Fleischermeister und tegut\u00e2\u20ac\u00a6 Fachberater Feinkost, ist stolz und freut sich, dass die intensive Vorbereitung auf die Endausscheidung des Landes &hellip;<\/p>\n<\/div>","protected":false},"author":1,"featured_media":0,"comment_status":"closed","ping_status":"closed","sticky":false,"template":"","format":"standard","meta":{"footnotes":""},"categories":[1],"tags":[],"class_list":["post-115396","post","type-post","status-publish","format-standard","hentry","category-startseite"],"_links":{"self":[{"href":"https:\/\/www.fuldaernachrichten.de\/index.php?rest_route=\/wp\/v2\/posts\/115396","targetHints":{"allow":["GET"]}}],"collection":[{"href":"https:\/\/www.fuldaernachrichten.de\/index.php?rest_route=\/wp\/v2\/posts"}],"about":[{"href":"https:\/\/www.fuldaernachrichten.de\/index.php?rest_route=\/wp\/v2\/types\/post"}],"author":[{"embeddable":true,"href":"https:\/\/www.fuldaernachrichten.de\/index.php?rest_route=\/wp\/v2\/users\/1"}],"replies":[{"embeddable":true,"href":"https:\/\/www.fuldaernachrichten.de\/index.php?rest_route=%2Fwp%2Fv2%2Fcomments&post=115396"}],"version-history":[{"count":1,"href":"https:\/\/www.fuldaernachrichten.de\/index.php?rest_route=\/wp\/v2\/posts\/115396\/revisions"}],"predecessor-version":[{"id":115398,"href":"https:\/\/www.fuldaernachrichten.de\/index.php?rest_route=\/wp\/v2\/posts\/115396\/revisions\/115398"}],"wp:attachment":[{"href":"https:\/\/www.fuldaernachrichten.de\/index.php?rest_route=%2Fwp%2Fv2%2Fmedia&parent=115396"}],"wp:term":[{"taxonomy":"category","embeddable":true,"href":"https:\/\/www.fuldaernachrichten.de\/index.php?rest_route=%2Fwp%2Fv2%2Fcategories&post=115396"},{"taxonomy":"post_tag","embeddable":true,"href":"https:\/\/www.fuldaernachrichten.de\/index.php?rest_route=%2Fwp%2Fv2%2Ftags&post=115396"}],"curies":[{"name":"wp","href":"https:\/\/api.w.org\/{rel}","templated":true}]}}