{"id":115386,"date":"2013-10-18T00:15:37","date_gmt":"2013-10-18T00:15:37","guid":{"rendered":"http:\/\/www.fuldaer-nachrichten.de\/?p=115386"},"modified":"2013-10-17T19:18:34","modified_gmt":"2013-10-17T19:18:34","slug":"positive-stimmung-bei-den-unternehmen-konjunkturbericht-der-ihk-fulda","status":"publish","type":"post","link":"https:\/\/www.fuldaernachrichten.de\/?p=115386","title":{"rendered":"Positive Stimmung bei den Unternehmen &#8211; Konjunkturbericht der IHK Fulda"},"content":{"rendered":"<p>Fulda. Die Stimmung bei den Unternehmen in der Region Fulda ist positiv. Laut IHK-Konjunkturumfrage wird die aktuelle Gesch\u00e4ftslage wird von einem Drittel der Unternehmen als gut und von \u00fcber 60 Prozent als befriedigend bezeichnet. Die Zahl der Befragten, deren aktuelle wirtschaftliche Situation schlecht ist, hat sich im Vergleich zur Mai-Umfrage von 12,5 auf nur noch rund 5 Prozent reduziert.<!--more--><\/p>\n<p>Dieser positive Trend kann sich auch in den kommenden Monaten fortsetzen. Denn die Einsch\u00e4tzung der Unternehmen zeigt, dass knapp 90 Prozent von ihnen auch f\u00fcr die kommenden Monate eine gleichbleibende oder sogar g\u00fcnstigere Gesch\u00e4ftsentwicklung erwarten. Die Zahl der Skeptiker hat auch hier von 20 Prozent im Mai auf rund 10 Prozent abgenommen.<\/p>\n<p>Im Ergebnis hat sich der Konjunkturklimaindex im IHK-Bezirk Fulda, der sich aus den Einsch\u00e4tzungen der derzeitigen sowie der zuk\u00fcnftigen Gesch\u00e4ftslage zusammensetzt, von 113 (Mai 2013) auf 122,4 Punkte erh\u00f6ht. \u201eUnsere Konjunkturumfrage belegt, dass die Unternehmen unserer Region optimistisch in die Zukunft blicken, ohne die Risiken aus dem Auge zu verlieren\u201c, kommentiert Stefan Schunck, Hauptgesch\u00e4ftsf\u00fchrer der IHK Fulda, die aktuelle Auswertung.<\/p>\n<p>Als Hauptrisiken f\u00fcr die weitere Entwicklung machen die Unternehmen eine eventuell nachlassende Inlandsnachfrage, steigende Energie- und Rohstoffpreise sowie den Fachkr\u00e4ftemangel und die politischen Rahmenbedingungen aus.<\/p>\n<p>Die grunds\u00e4tzlich optimistische Einsch\u00e4tzung wird weitgehend von allen Wirtschaftszweigen getragen. Bei den <b>Industriebetrieben<\/b> sprechen aktuell rund 37 Prozent von einer guten und 7 Prozent von einer schlechten Gesch\u00e4ftslage. Die Erwartungen f\u00fcr die kommenden Monate sind ebenfalls positiv. Ein Drittel rechnet mit einer g\u00fcnstigeren Entwicklung. Die Zahl der Skeptiker hat sich im Vergleich zur Maiumfrage von 18,2 auf 9,3 Prozent reduziert.<\/p>\n<p>Auch die Situation im <b>Handel<\/b> hat sich wieder stabilisiert. Hier ist die Anzahl der Unternehmen, die derzeitig eine gute Gesch\u00e4ftslage verbuchen, von knapp 18 Prozent (Mai 2013) auf mehr als ein Drittel gestiegen. Lediglich 3,7 Prozent sind noch skeptisch (Mai 2013: 17,4 Prozent). Und diese Entwicklung wird anhalten, denn 63 Prozent der Handelsbetriebe gehen von einer etwa gleichbleibend oder sogar g\u00fcnstigeren Situation aus. Nur 7 Prozent erwarten einen R\u00fcckgang ihrer Ums\u00e4tze.<\/p>\n<p>Auch in der <b>Dienstleistungsbranche<\/b> wird die aktuelle Lage deutlich besser eingesch\u00e4tzt als in der Fr\u00fchjahrsumfrage. Knapp 3 Prozent der Dienstleistungsbetriebe sprechen von einer schlechten, knapp 26 Prozent dagegen berichten von einer guten Auslastung. In dieser Branche sind die Erwartungen an die kommenden Monate etwas zur\u00fcckhaltender als im Durchschnitt; knapp 20 Prozent der Firmen rechnen mit einer r\u00fcckl\u00e4ufigen Umsatzentwicklung.<\/p>\n<p>Die insgesamt recht positive Einsch\u00e4tzung der Unternehmen aus dem IHK-Bezirk Fulda f\u00fchrt dazu, dass die Investitionsplanungen weiter zunehmen: Ein Drittel der Firmen rechnet mit steigenden Investitionsausgaben (Mai 2013: 19 Prozent). 46 Prozent der Betriebe werden ihre Investitionen auf einem gleichbleibenden Niveau halten. Auch der Arbeitsmarkt verspricht in den kommenden Monaten stabil zu bleiben. 19 Prozent der Betriebe sehen eine steigende Besch\u00e4ftigungszahl, und lediglich 4 Prozent rechnen mit einem Abbau ihrer Mitarbeiterzahl.<\/p>\n<p>\u201eDie wirtschaftliche Lage und die Erwartungen an die Entwicklung sind in unseren Unternehmen gut. Es gilt, diesen Schwung in den kommenden Monaten beizubehalten. Steuererh\u00f6hungen, die die Inlandsnachfrage schw\u00e4chen und Unternehmen zus\u00e4tzlich belasten, w\u00e4ren hier ein falscher Weg\u201c, betonte Stefan Schunck f\u00fcr die IHK Fulda auch mit Blick auf die aktuellen Koalitionsverhandlungen.<\/p>\n","protected":false},"excerpt":{"rendered":"<div class=\"tmnf_excerpt\"><p>Fulda. Die Stimmung bei den Unternehmen in der Region Fulda ist positiv. Laut IHK-Konjunkturumfrage wird die aktuelle Gesch\u00e4ftslage wird von einem Drittel der Unternehmen als gut und von \u00fcber 60 Prozent als befriedigend bezeichnet. Die Zahl der Befragten, deren aktuelle wirtschaftliche Situation schlecht ist, hat sich im Vergleich zur Mai-Umfrage von 12,5 auf nur noch &hellip;<\/p>\n<\/div>","protected":false},"author":1,"featured_media":0,"comment_status":"closed","ping_status":"closed","sticky":false,"template":"","format":"standard","meta":{"footnotes":""},"categories":[1],"tags":[],"class_list":["post-115386","post","type-post","status-publish","format-standard","hentry","category-startseite"],"_links":{"self":[{"href":"https:\/\/www.fuldaernachrichten.de\/index.php?rest_route=\/wp\/v2\/posts\/115386","targetHints":{"allow":["GET"]}}],"collection":[{"href":"https:\/\/www.fuldaernachrichten.de\/index.php?rest_route=\/wp\/v2\/posts"}],"about":[{"href":"https:\/\/www.fuldaernachrichten.de\/index.php?rest_route=\/wp\/v2\/types\/post"}],"author":[{"embeddable":true,"href":"https:\/\/www.fuldaernachrichten.de\/index.php?rest_route=\/wp\/v2\/users\/1"}],"replies":[{"embeddable":true,"href":"https:\/\/www.fuldaernachrichten.de\/index.php?rest_route=%2Fwp%2Fv2%2Fcomments&post=115386"}],"version-history":[{"count":1,"href":"https:\/\/www.fuldaernachrichten.de\/index.php?rest_route=\/wp\/v2\/posts\/115386\/revisions"}],"predecessor-version":[{"id":115388,"href":"https:\/\/www.fuldaernachrichten.de\/index.php?rest_route=\/wp\/v2\/posts\/115386\/revisions\/115388"}],"wp:attachment":[{"href":"https:\/\/www.fuldaernachrichten.de\/index.php?rest_route=%2Fwp%2Fv2%2Fmedia&parent=115386"}],"wp:term":[{"taxonomy":"category","embeddable":true,"href":"https:\/\/www.fuldaernachrichten.de\/index.php?rest_route=%2Fwp%2Fv2%2Fcategories&post=115386"},{"taxonomy":"post_tag","embeddable":true,"href":"https:\/\/www.fuldaernachrichten.de\/index.php?rest_route=%2Fwp%2Fv2%2Ftags&post=115386"}],"curies":[{"name":"wp","href":"https:\/\/api.w.org\/{rel}","templated":true}]}}