{"id":115382,"date":"2013-10-17T19:13:52","date_gmt":"2013-10-17T19:13:52","guid":{"rendered":"http:\/\/www.fuldaer-nachrichten.de\/?p=115382"},"modified":"2013-10-17T19:13:52","modified_gmt":"2013-10-17T19:13:52","slug":"busfahrer-der-uebg-mit-pfefferspray-verletzt","status":"publish","type":"post","link":"https:\/\/www.fuldaernachrichten.de\/?p=115382","title":{"rendered":"Busfahrer der \u00dcBG mit Pfefferspray verletzt"},"content":{"rendered":"<p>Am fr\u00fchen Nachmittag gab es einen Pfeffersprayangriff auf einen Busfahrer der \u00dcWAG Bus GmbH (\u00dcBG). Ein Fahrgast hat ihm an der Haltestelle \u201eBrauhausstra\u00dfe\u201c Pfefferspray ins Gesicht gespr\u00fcht und sich danach in Begleitung eines weiteren Fahrgastes in Richtung Innenstadt entfernt. Fahrg\u00e4ste alarmierten noch im Bus die Polizei, die auch sofort an der Haltestelle eintraf. Der Busfahrer wurde vom Rettungsdienst vor Ort versorgt und befindet sich derzeit im Krankenhaus zur weitergehenden augen\u00e4rztlichen Untersuchung.Die Polizei hat Ermittlungen in dem Fall aufgenommen.<!--more--><br \/>\nBusfahrer sind f\u00fcr die Sicherheit aller Fahrg\u00e4ste verantwortlich. Bei dieser Aufgabe sind sie jedoch selbst Gefahren ausgesetzt. Immer wieder kommt es auch zu t\u00e4tlichen Angriffen wie am heutigen Nachmittag. In j\u00e4hrlichen Schulungen und verschiedenen, anlassbezogenen Lehreinheiten werden unsere Fahrer turnusm\u00e4\u00dfig angewiesen \u2013 auch in Sicherheitsfragen oder in Bezug auf Konfliktmanagement. Dazu geh\u00f6rt auch der Umgang bei \u00dcbergriffen durch Fahrg\u00e4ste.<\/p>\n<p>&nbsp;<\/p>\n","protected":false},"excerpt":{"rendered":"<div class=\"tmnf_excerpt\"><p>Am fr\u00fchen Nachmittag gab es einen Pfeffersprayangriff auf einen Busfahrer der \u00dcWAG Bus GmbH (\u00dcBG). Ein Fahrgast hat ihm an der Haltestelle \u201eBrauhausstra\u00dfe\u201c Pfefferspray ins Gesicht gespr\u00fcht und sich danach in Begleitung eines weiteren Fahrgastes in Richtung Innenstadt entfernt. Fahrg\u00e4ste alarmierten noch im Bus die Polizei, die auch sofort an der Haltestelle eintraf. Der Busfahrer &hellip;<\/p>\n<\/div>","protected":false},"author":1,"featured_media":0,"comment_status":"closed","ping_status":"closed","sticky":false,"template":"","format":"standard","meta":{"footnotes":""},"categories":[1],"tags":[],"class_list":["post-115382","post","type-post","status-publish","format-standard","hentry","category-startseite"],"_links":{"self":[{"href":"https:\/\/www.fuldaernachrichten.de\/index.php?rest_route=\/wp\/v2\/posts\/115382","targetHints":{"allow":["GET"]}}],"collection":[{"href":"https:\/\/www.fuldaernachrichten.de\/index.php?rest_route=\/wp\/v2\/posts"}],"about":[{"href":"https:\/\/www.fuldaernachrichten.de\/index.php?rest_route=\/wp\/v2\/types\/post"}],"author":[{"embeddable":true,"href":"https:\/\/www.fuldaernachrichten.de\/index.php?rest_route=\/wp\/v2\/users\/1"}],"replies":[{"embeddable":true,"href":"https:\/\/www.fuldaernachrichten.de\/index.php?rest_route=%2Fwp%2Fv2%2Fcomments&post=115382"}],"version-history":[{"count":1,"href":"https:\/\/www.fuldaernachrichten.de\/index.php?rest_route=\/wp\/v2\/posts\/115382\/revisions"}],"predecessor-version":[{"id":115383,"href":"https:\/\/www.fuldaernachrichten.de\/index.php?rest_route=\/wp\/v2\/posts\/115382\/revisions\/115383"}],"wp:attachment":[{"href":"https:\/\/www.fuldaernachrichten.de\/index.php?rest_route=%2Fwp%2Fv2%2Fmedia&parent=115382"}],"wp:term":[{"taxonomy":"category","embeddable":true,"href":"https:\/\/www.fuldaernachrichten.de\/index.php?rest_route=%2Fwp%2Fv2%2Fcategories&post=115382"},{"taxonomy":"post_tag","embeddable":true,"href":"https:\/\/www.fuldaernachrichten.de\/index.php?rest_route=%2Fwp%2Fv2%2Ftags&post=115382"}],"curies":[{"name":"wp","href":"https:\/\/api.w.org\/{rel}","templated":true}]}}