{"id":115374,"date":"2013-10-17T08:41:07","date_gmt":"2013-10-17T08:41:07","guid":{"rendered":"http:\/\/www.fuldaer-nachrichten.de\/?p=115374"},"modified":"2013-10-17T08:41:07","modified_gmt":"2013-10-17T08:41:07","slug":"comeniusschule-fuer-630-000-euro-erweitert","status":"publish","type":"post","link":"https:\/\/www.fuldaernachrichten.de\/?p=115374","title":{"rendered":"Comeniusschule f\u00fcr 630.000 Euro erweitert"},"content":{"rendered":"<p><img decoding=\"async\" class=\"alignleft size-thumbnail wp-image-115375\" alt=\"459-Comeniusschule1\" src=\"http:\/\/www.fuldaer-nachrichten.de\/wp-content\/uploads\/2013\/10\/459-Comeniusschule1-265x174.jpg\" width=\"265\" height=\"174\" srcset=\"https:\/\/www.fuldaernachrichten.de\/wp-content\/uploads\/2013\/10\/459-Comeniusschule1-265x174.jpg 265w, https:\/\/www.fuldaernachrichten.de\/wp-content\/uploads\/2013\/10\/459-Comeniusschule1.jpg 600w\" sizes=\"(max-width: 265px) 100vw, 265px\" \/>Kalbach. F\u00fcr 630.000 Euro hat die Comeniusschule in Mittelkalbach einen Ersatzneubau erhalten. Darin sind auch die Demontagekosten f\u00fcr zwei wegfallende Pavillons enthalten. Noch einmal 30.000 Euro musste der Landkreis Fulda f\u00fcr die Innenausstattung aufwenden. Von den vier neuen R\u00e4umen werden zwei als Klassenr\u00e4ume und jeweils ein Raum f\u00fcr die Nachmittagsbetreuung sowie den Fachunterricht in Musik und Religion genutzt. Die eigentliche Bauma\u00dfnahme konnte zum Ende der Sommerferien abgeschlossen werden, lediglich bei Mobiliar und EDV gab es Lieferengp\u00e4sse. Dennoch zeigte sich Schulleiterin Kathrin van de Merlen anl\u00e4sslich eines Besuchs von Landrat Bernd Woide zufrieden. Die insgesamt 163 Sch\u00fclerinnen und Sch\u00fcler der Comeniusschule w\u00fcrden sich in dem auch architektonisch gelungenen Geb\u00e4ude wohl f\u00fchlen.<!--more--><\/p>\n<p><img decoding=\"async\" class=\"alignleft size-thumbnail wp-image-115376\" alt=\"459-Comeniusschule2\" src=\"http:\/\/www.fuldaer-nachrichten.de\/wp-content\/uploads\/2013\/10\/459-Comeniusschule2-265x176.jpg\" width=\"265\" height=\"176\" srcset=\"https:\/\/www.fuldaernachrichten.de\/wp-content\/uploads\/2013\/10\/459-Comeniusschule2-265x176.jpg 265w, https:\/\/www.fuldaernachrichten.de\/wp-content\/uploads\/2013\/10\/459-Comeniusschule2.jpg 600w\" sizes=\"(max-width: 265px) 100vw, 265px\" \/>Insbesondere vom neuen Betreuungsraum erhofft sich Schulleiterin van de Merlen eine st\u00e4rkere Nutzung der Nachmittagsbetreuung, die der F\u00f6rderverein montags bis freitags jeweils bis 16.30 Uhr anbietet. Dieses Angebot soll durch zus\u00e4tzliche Inhalte schrittweise in Richtung p\u00e4dagogische Mittagsbetreuung ausgeweitet werden. Die Planung und Bauleitung f\u00fcr den Erweiterungsbau der Comeniusschule lagen in den H\u00e4nden von Sch\u00f6nherr und Juli Architekten, Fulda, die Objekt\u00fcberwachung beim Geb\u00e4udemanagement der Kreisverwaltung.<\/p>\n","protected":false},"excerpt":{"rendered":"<div class=\"tmnf_excerpt\"><p>Kalbach. F\u00fcr 630.000 Euro hat die Comeniusschule in Mittelkalbach einen Ersatzneubau erhalten. Darin sind auch die Demontagekosten f\u00fcr zwei wegfallende Pavillons enthalten. Noch einmal 30.000 Euro musste der Landkreis Fulda f\u00fcr die Innenausstattung aufwenden. Von den vier neuen R\u00e4umen werden zwei als Klassenr\u00e4ume und jeweils ein Raum f\u00fcr die Nachmittagsbetreuung sowie den Fachunterricht in Musik &hellip;<\/p>\n<\/div>","protected":false},"author":1,"featured_media":0,"comment_status":"closed","ping_status":"closed","sticky":false,"template":"","format":"standard","meta":{"footnotes":""},"categories":[1],"tags":[],"class_list":["post-115374","post","type-post","status-publish","format-standard","hentry","category-startseite"],"_links":{"self":[{"href":"https:\/\/www.fuldaernachrichten.de\/index.php?rest_route=\/wp\/v2\/posts\/115374","targetHints":{"allow":["GET"]}}],"collection":[{"href":"https:\/\/www.fuldaernachrichten.de\/index.php?rest_route=\/wp\/v2\/posts"}],"about":[{"href":"https:\/\/www.fuldaernachrichten.de\/index.php?rest_route=\/wp\/v2\/types\/post"}],"author":[{"embeddable":true,"href":"https:\/\/www.fuldaernachrichten.de\/index.php?rest_route=\/wp\/v2\/users\/1"}],"replies":[{"embeddable":true,"href":"https:\/\/www.fuldaernachrichten.de\/index.php?rest_route=%2Fwp%2Fv2%2Fcomments&post=115374"}],"version-history":[{"count":1,"href":"https:\/\/www.fuldaernachrichten.de\/index.php?rest_route=\/wp\/v2\/posts\/115374\/revisions"}],"predecessor-version":[{"id":115377,"href":"https:\/\/www.fuldaernachrichten.de\/index.php?rest_route=\/wp\/v2\/posts\/115374\/revisions\/115377"}],"wp:attachment":[{"href":"https:\/\/www.fuldaernachrichten.de\/index.php?rest_route=%2Fwp%2Fv2%2Fmedia&parent=115374"}],"wp:term":[{"taxonomy":"category","embeddable":true,"href":"https:\/\/www.fuldaernachrichten.de\/index.php?rest_route=%2Fwp%2Fv2%2Fcategories&post=115374"},{"taxonomy":"post_tag","embeddable":true,"href":"https:\/\/www.fuldaernachrichten.de\/index.php?rest_route=%2Fwp%2Fv2%2Ftags&post=115374"}],"curies":[{"name":"wp","href":"https:\/\/api.w.org\/{rel}","templated":true}]}}