{"id":115368,"date":"2013-10-17T08:28:55","date_gmt":"2013-10-17T08:28:55","guid":{"rendered":"http:\/\/www.fuldaer-nachrichten.de\/?p=115368"},"modified":"2013-10-17T08:28:55","modified_gmt":"2013-10-17T08:28:55","slug":"gluecksraddrehen-in-tann-fuer-menschen-aus-tann","status":"publish","type":"post","link":"https:\/\/www.fuldaernachrichten.de\/?p=115368","title":{"rendered":"Gl\u00fccksraddrehen in Tann f\u00fcr Menschen aus Tann"},"content":{"rendered":"<p><img fetchpriority=\"high\" decoding=\"async\" class=\"alignleft size-thumbnail wp-image-115369\" alt=\"TannerDiakonieScheck\u00fcbergabeKeil\" src=\"http:\/\/www.fuldaer-nachrichten.de\/wp-content\/uploads\/2013\/10\/TannerDiakonieScheck\u00fcbergabeKeil-265x191.jpg\" width=\"265\" height=\"191\" \/>Tann. Zum Tanner Wirtefest \u00f6ffnete die neue Filiale des Sanit\u00e4tshauses Keil am Standort Tann. Neben dem breiten Sortiment des Sanit\u00e4tshauses gab es zur Neuer\u00f6ffnung ein Gl\u00fccksrad mit tollen Preisen. Die Attraktion, zum Preis von\u00c2\u00a0 0,50 \u00e2\u201a\u00ac f\u00fcr das Drehen am Gl\u00fccksrad, wurde gut angenommen, sodass eine Gesamtsumme von rund 350,00 \u00e2\u201a\u00ac zusammenkam, die Gesch\u00e4ftsf\u00fchrer J\u00fcrgen Schmitt beeintr\u00e4chtigten Menschen in Tann zukommen lie\u00df.<!--more--><\/p>\n<p>Mit einem Scheck \u00fcber 350,00 \u00e2\u201a\u00ac in der Hand besuchte J\u00fcrgen Schmitt, Gesch\u00e4ftsf\u00fchrer des Sanit\u00e4tshauses Keil (Bild, dritter von links \u2013 hintere Reihe), die Tanner Diakonie und \u00fcbergab diesen mit gro\u00dfer Freude. \u201eDie Aktion war ein voller Erfolg. Nicht nur die Gewinner am Gl\u00fccksrad konnten sich \u00fcber die tollen Preise aus dem Sanit\u00e4tshaus freuen. Besonders stolz sind wir auch, dass wir mit dieser Aktion auch den Menschen mit Beeintr\u00e4chtigungen in Tann helfen k\u00f6nnen. Eine Aktion in Tann, f\u00fcr Menschen in Tann\u201c, berichtete J\u00fcrgen Schmitt bei der Scheck\u00fcbergabe. Gesch\u00e4ftsf\u00fchrer Stefan Burkard (Bild, zweiter von links \u2013 hintere Reihe) mit Bewohnern und weiteren Mitarbeitern der Tanner Diakonie nahmen den Scheck dankend entgegen und versicherten, dass Spendengelder unmittelbar den Bewohner der Einrichtung zugute kommen.<\/p>\n<p>Das aktuelle Projekt, welches aus Spendengeldern und aus den Einnahmen aus dem Verkauf des diesj\u00e4hrigen Tanner Adventskalenders mitfinanziert wird, ist bereits in Planung. Im Haus Noah (Haupthaus der Tanner Diakonie, Rh\u00f6nstra\u00dfe 28 in Tann) soll ein bestehendes Bad f\u00fcr die Tagesst\u00e4ttenbesucher vergr\u00f6\u00dfert und modernisiert werden. \u201eNur mit einer r\u00e4umlichen Vergr\u00f6\u00dferung des Bades kann die Barrierefreiheit auch in dieser R\u00e4umlichkeit hergestellt werden und so eine Entlastung f\u00fcr Bewohnerinnen und Bewohner sowie Mitarbeiterinnen und Mitarbeiter geschaffen werden. Wir sind froh, dass wir gute Gesch\u00e4fts- und Kooperationspartner haben, die uns bei solchen Projekten unterst\u00fctzen\u201c teilte Stefan Burkard mit.<\/p>\n<p>&nbsp;<\/p>\n<p>&nbsp;<\/p>\n<p>&nbsp;<\/p>\n<p>&nbsp;<\/p>\n<p>&nbsp;<\/p>\n","protected":false},"excerpt":{"rendered":"<div class=\"tmnf_excerpt\"><p>Tann. Zum Tanner Wirtefest \u00f6ffnete die neue Filiale des Sanit\u00e4tshauses Keil am Standort Tann. Neben dem breiten Sortiment des Sanit\u00e4tshauses gab es zur Neuer\u00f6ffnung ein Gl\u00fccksrad mit tollen Preisen. Die Attraktion, zum Preis von\u00c2\u00a0 0,50 \u00e2\u201a\u00ac f\u00fcr das Drehen am Gl\u00fccksrad, wurde gut angenommen, sodass eine Gesamtsumme von rund 350,00 \u00e2\u201a\u00ac zusammenkam, die Gesch\u00e4ftsf\u00fchrer J\u00fcrgen &hellip;<\/p>\n<\/div>","protected":false},"author":1,"featured_media":0,"comment_status":"closed","ping_status":"closed","sticky":false,"template":"","format":"standard","meta":{"footnotes":""},"categories":[1],"tags":[],"class_list":["post-115368","post","type-post","status-publish","format-standard","hentry","category-startseite"],"_links":{"self":[{"href":"https:\/\/www.fuldaernachrichten.de\/index.php?rest_route=\/wp\/v2\/posts\/115368","targetHints":{"allow":["GET"]}}],"collection":[{"href":"https:\/\/www.fuldaernachrichten.de\/index.php?rest_route=\/wp\/v2\/posts"}],"about":[{"href":"https:\/\/www.fuldaernachrichten.de\/index.php?rest_route=\/wp\/v2\/types\/post"}],"author":[{"embeddable":true,"href":"https:\/\/www.fuldaernachrichten.de\/index.php?rest_route=\/wp\/v2\/users\/1"}],"replies":[{"embeddable":true,"href":"https:\/\/www.fuldaernachrichten.de\/index.php?rest_route=%2Fwp%2Fv2%2Fcomments&post=115368"}],"version-history":[{"count":1,"href":"https:\/\/www.fuldaernachrichten.de\/index.php?rest_route=\/wp\/v2\/posts\/115368\/revisions"}],"predecessor-version":[{"id":115370,"href":"https:\/\/www.fuldaernachrichten.de\/index.php?rest_route=\/wp\/v2\/posts\/115368\/revisions\/115370"}],"wp:attachment":[{"href":"https:\/\/www.fuldaernachrichten.de\/index.php?rest_route=%2Fwp%2Fv2%2Fmedia&parent=115368"}],"wp:term":[{"taxonomy":"category","embeddable":true,"href":"https:\/\/www.fuldaernachrichten.de\/index.php?rest_route=%2Fwp%2Fv2%2Fcategories&post=115368"},{"taxonomy":"post_tag","embeddable":true,"href":"https:\/\/www.fuldaernachrichten.de\/index.php?rest_route=%2Fwp%2Fv2%2Ftags&post=115368"}],"curies":[{"name":"wp","href":"https:\/\/api.w.org\/{rel}","templated":true}]}}