{"id":115365,"date":"2013-10-17T08:26:34","date_gmt":"2013-10-17T08:26:34","guid":{"rendered":"http:\/\/www.fuldaer-nachrichten.de\/?p=115365"},"modified":"2013-10-17T08:26:34","modified_gmt":"2013-10-17T08:26:34","slug":"postalisch-naht-das-weihnachtsfest-weihnachtsmarke-2013-ab-2-november","status":"publish","type":"post","link":"https:\/\/www.fuldaernachrichten.de\/?p=115365","title":{"rendered":"Postalisch naht das Weihnachtsfest: Weihnachtsmarke 2013 ab 2. November"},"content":{"rendered":"<p><b><img fetchpriority=\"high\" decoding=\"async\" class=\"alignleft size-thumbnail wp-image-115366\" alt=\"58_WEM_2013_Marke_Schatten\" src=\"http:\/\/www.fuldaer-nachrichten.de\/wp-content\/uploads\/2013\/10\/58_WEM_2013_Marke_Schatten-265x265.jpg\" width=\"265\" height=\"265\" srcset=\"https:\/\/www.fuldaernachrichten.de\/wp-content\/uploads\/2013\/10\/58_WEM_2013_Marke_Schatten-265x265.jpg 265w, https:\/\/www.fuldaernachrichten.de\/wp-content\/uploads\/2013\/10\/58_WEM_2013_Marke_Schatten.jpg 600w\" sizes=\"(max-width: 265px) 100vw, 265px\" \/>Fulda, Berlin (cif).<\/b> Am Samstag, dem 2. November, erscheint die diesj\u00e4hrige Weihnachtsmarke f\u00fcr Standardbriefe. Der Verkaufswert dieser Sonderbriefmarke betr\u00e4gt 85 Cent: Neben dem Briefporto in H\u00f6he von 58 Cent wird ein Zuschlag von 27 Cent erhoben. Empf\u00e4nger dieser Zusatzerl\u00f6se ist die Bundesarbeitsgemeinschaft der Freien Wohlfahrtspflege, zu der auch die Caritas geh\u00f6rt. Mit dem diesj\u00e4hrigen Motiv \u201eStern von Bethlehem\u201c erinnert die Briefmarke 2013 an das zentrale Geschehen der Heiligen Nacht: die Geburt Christi. Die Heiligen drei K\u00f6nige Caspar, Melchior und Balthasar wollen dem neu geborenen Sohn Gottes die Ehre erweisen. Ein Stern weist ihnen den Weg nach Bethlehem.<!--more--><\/p>\n<p>Der 6. Januar wird als \u201eDreik\u00f6nigstag\u201c oder auch \u201eErscheinungsfest\u201c (lat. Epiphanie) begangen. In Deutschland hat sich zudem als Brauchtum in den letzten Jahrzehnten das \u201eSternsingen\u201c durchgesetzt.\u00c2\u00a0 Kinder, verkleidet als Heilige Drei K\u00f6nige, ziehen singend von Haus zu Haus, um vor allem Spenden f\u00fcr benachteiligte Kinder zu sammeln. Der Caritasverband f\u00fcr die Di\u00f6zese Fulda sowie die Regional-Caritasverb\u00e4nde in Fulda, Hanau, Kassel und Marburg bieten unmittelbar ab dem Erstausgabetag 2. November die neue Weihnachtsmarke zum Verkauf an. Der Zuschlag je Marke von 27 Cent der beim Caritasverband erworbenen Sonderbriefmarken kommt im vollen Umfang der vielf\u00e4ltigen Arbeit der des katholischen Wohlfahrtsverbandes zum Wohle der Bed\u00fcrftigen in der Region zu Gute. Ausgegeben werden die Marken zum Beispiel in der Gesch\u00e4ftsstelle des Caritasverbandes f\u00fcr die Di\u00f6zese Fulda e. V., Wilhelmstra\u00dfe 2, 36037 Fulda, Tel. 0661\/2428-111, Fax 0661\/2428-112.<\/p>\n","protected":false},"excerpt":{"rendered":"<div class=\"tmnf_excerpt\"><p>Fulda, Berlin (cif). Am Samstag, dem 2. November, erscheint die diesj\u00e4hrige Weihnachtsmarke f\u00fcr Standardbriefe. Der Verkaufswert dieser Sonderbriefmarke betr\u00e4gt 85 Cent: Neben dem Briefporto in H\u00f6he von 58 Cent wird ein Zuschlag von 27 Cent erhoben. Empf\u00e4nger dieser Zusatzerl\u00f6se ist die Bundesarbeitsgemeinschaft der Freien Wohlfahrtspflege, zu der auch die Caritas geh\u00f6rt. Mit dem diesj\u00e4hrigen Motiv &hellip;<\/p>\n<\/div>","protected":false},"author":1,"featured_media":0,"comment_status":"closed","ping_status":"closed","sticky":false,"template":"","format":"standard","meta":{"footnotes":""},"categories":[1],"tags":[],"class_list":["post-115365","post","type-post","status-publish","format-standard","hentry","category-startseite"],"_links":{"self":[{"href":"https:\/\/www.fuldaernachrichten.de\/index.php?rest_route=\/wp\/v2\/posts\/115365","targetHints":{"allow":["GET"]}}],"collection":[{"href":"https:\/\/www.fuldaernachrichten.de\/index.php?rest_route=\/wp\/v2\/posts"}],"about":[{"href":"https:\/\/www.fuldaernachrichten.de\/index.php?rest_route=\/wp\/v2\/types\/post"}],"author":[{"embeddable":true,"href":"https:\/\/www.fuldaernachrichten.de\/index.php?rest_route=\/wp\/v2\/users\/1"}],"replies":[{"embeddable":true,"href":"https:\/\/www.fuldaernachrichten.de\/index.php?rest_route=%2Fwp%2Fv2%2Fcomments&post=115365"}],"version-history":[{"count":1,"href":"https:\/\/www.fuldaernachrichten.de\/index.php?rest_route=\/wp\/v2\/posts\/115365\/revisions"}],"predecessor-version":[{"id":115367,"href":"https:\/\/www.fuldaernachrichten.de\/index.php?rest_route=\/wp\/v2\/posts\/115365\/revisions\/115367"}],"wp:attachment":[{"href":"https:\/\/www.fuldaernachrichten.de\/index.php?rest_route=%2Fwp%2Fv2%2Fmedia&parent=115365"}],"wp:term":[{"taxonomy":"category","embeddable":true,"href":"https:\/\/www.fuldaernachrichten.de\/index.php?rest_route=%2Fwp%2Fv2%2Fcategories&post=115365"},{"taxonomy":"post_tag","embeddable":true,"href":"https:\/\/www.fuldaernachrichten.de\/index.php?rest_route=%2Fwp%2Fv2%2Ftags&post=115365"}],"curies":[{"name":"wp","href":"https:\/\/api.w.org\/{rel}","templated":true}]}}