{"id":115363,"date":"2013-10-17T00:52:48","date_gmt":"2013-10-17T00:52:48","guid":{"rendered":"http:\/\/www.fuldaer-nachrichten.de\/?p=115363"},"modified":"2013-10-17T07:54:06","modified_gmt":"2013-10-17T07:54:06","slug":"hilfe-fuer-notleidende-statt-weihnachtspost","status":"publish","type":"post","link":"https:\/\/www.fuldaernachrichten.de\/?p=115363","title":{"rendered":"Hilfe f\u00fcr Notleidende statt Weihnachtspost"},"content":{"rendered":"<p>Fulda. Unter dem Motto \u201eHilfe f\u00fcr Menschen in Not\u201c beginnt am Montag, 21. Oktober, die \u00f6ffentliche Gl\u00fcckwunschaktion. In diesem Jahr wird die Aktion zugunsten des Fuldaer Wohlfahrtsverbandes \u201eArbeiterwohlfahrt Kreisverband Fulda-Stadt und \u2013Land e. V. durchgef\u00fchrt. Was ist die \u201eGl\u00fcckwunschaktion\u201c? Sie beruht auf einer ganz einfachen Idee: Viele Einzelpersonen, Familien und insbesondere auch Firmen f\u00fchlen sich zu Weihnachten und Neujahr verpflichtet, Gl\u00fcckwunschkarten an Freunde und Kunden zu versenden. Diese Unmengen von Gl\u00fcckwunschkarten kosten in der Regel sehr viel Geld und landen, da sie oft unpers\u00f6nlich gestaltet sind, umgehend im Papierkorb (hier ist nat\u00fcrlich nicht der pers\u00f6nlich gehaltene Weihnachtsgru\u00df an liebe Freunde und Verwandte gemeint, den wir f\u00fcr unersetzlich halten).<!--more--><\/p>\n<p>F\u00fcr die \u201eWeihnachts-Massendrucksachen\u201c bietet die Gl\u00fcckwunschaktion eine sinnvolle Alternative: Jede Person oder Firma kann sich in die beim Kreisverband der Arbeiterwohlfahrt Fulda ausliegenden Listen eintragen oder zahlt direkt auf das <b>Sonderkonto 400 470 78<\/b> bei der Sparkasse Fulda (BLZ 530 501 80) unter genauer Namensnennung einen Spendenbeitrag ein. Privatpersonen zahlen mindestens 10 Euro, Firmen mindestens 25 Euro ein.<\/p>\n<p>Alle bis zum 10. Dezember eingegangenen Namen und Adressen werden am 24.12., mit einem gemeinsamen Gl\u00fcckwunsch in einer Gro\u00dfanzeige ver\u00f6ffentlicht, in der auch steht, dass die Genannten zugunsten von Hilfsbed\u00fcrftigen auf die \u00fcblichen Karten verzichtet haben. Bei sp\u00e4ter eingehenden Namen und Adressen k\u00f6nnen wir ein Erscheinen in der Fuldaer \/ H\u00fcnfelder \/ Schlitzer &#8211; Zeitung nicht garantieren. Der Erl\u00f6s aus dieser Aktion kommt dem\u00c2\u00a0 Arbeiterwohlfahrt Kreisverband Fulda-Stadt und \u2013Land e. V. zugute.<\/p>\n","protected":false},"excerpt":{"rendered":"<div class=\"tmnf_excerpt\"><p>Fulda. Unter dem Motto \u201eHilfe f\u00fcr Menschen in Not\u201c beginnt am Montag, 21. Oktober, die \u00f6ffentliche Gl\u00fcckwunschaktion. In diesem Jahr wird die Aktion zugunsten des Fuldaer Wohlfahrtsverbandes \u201eArbeiterwohlfahrt Kreisverband Fulda-Stadt und \u2013Land e. V. durchgef\u00fchrt. Was ist die \u201eGl\u00fcckwunschaktion\u201c? Sie beruht auf einer ganz einfachen Idee: Viele Einzelpersonen, Familien und insbesondere auch Firmen f\u00fchlen sich &hellip;<\/p>\n<\/div>","protected":false},"author":1,"featured_media":0,"comment_status":"closed","ping_status":"closed","sticky":false,"template":"","format":"standard","meta":{"footnotes":""},"categories":[1],"tags":[],"class_list":["post-115363","post","type-post","status-publish","format-standard","hentry","category-startseite"],"_links":{"self":[{"href":"https:\/\/www.fuldaernachrichten.de\/index.php?rest_route=\/wp\/v2\/posts\/115363","targetHints":{"allow":["GET"]}}],"collection":[{"href":"https:\/\/www.fuldaernachrichten.de\/index.php?rest_route=\/wp\/v2\/posts"}],"about":[{"href":"https:\/\/www.fuldaernachrichten.de\/index.php?rest_route=\/wp\/v2\/types\/post"}],"author":[{"embeddable":true,"href":"https:\/\/www.fuldaernachrichten.de\/index.php?rest_route=\/wp\/v2\/users\/1"}],"replies":[{"embeddable":true,"href":"https:\/\/www.fuldaernachrichten.de\/index.php?rest_route=%2Fwp%2Fv2%2Fcomments&post=115363"}],"version-history":[{"count":1,"href":"https:\/\/www.fuldaernachrichten.de\/index.php?rest_route=\/wp\/v2\/posts\/115363\/revisions"}],"predecessor-version":[{"id":115364,"href":"https:\/\/www.fuldaernachrichten.de\/index.php?rest_route=\/wp\/v2\/posts\/115363\/revisions\/115364"}],"wp:attachment":[{"href":"https:\/\/www.fuldaernachrichten.de\/index.php?rest_route=%2Fwp%2Fv2%2Fmedia&parent=115363"}],"wp:term":[{"taxonomy":"category","embeddable":true,"href":"https:\/\/www.fuldaernachrichten.de\/index.php?rest_route=%2Fwp%2Fv2%2Fcategories&post=115363"},{"taxonomy":"post_tag","embeddable":true,"href":"https:\/\/www.fuldaernachrichten.de\/index.php?rest_route=%2Fwp%2Fv2%2Ftags&post=115363"}],"curies":[{"name":"wp","href":"https:\/\/api.w.org\/{rel}","templated":true}]}}