{"id":115361,"date":"2013-10-17T07:52:35","date_gmt":"2013-10-17T07:52:35","guid":{"rendered":"http:\/\/www.fuldaer-nachrichten.de\/?p=115361"},"modified":"2013-10-17T07:52:35","modified_gmt":"2013-10-17T07:52:35","slug":"bbu-und-buergerinitiative-pro-lebensraum-grossenlueder-fordern-ende-der-ausbringung-von-plastikmuell-im-landkreis-fulda","status":"publish","type":"post","link":"https:\/\/www.fuldaernachrichten.de\/?p=115361","title":{"rendered":"BBU und B\u00fcrgerinitiative Pro Lebensraum Gro\u00dfenl\u00fcder fordern Ende der Ausbringung von Plastikm\u00fcll im Landkreis Fulda"},"content":{"rendered":"<p>Gro\u00dfenl\u00fcder. In einem Schreiben an die Regierungspr\u00e4sidien Kassel und Darmstadt, den Landkreis Fulda sowie die Gemeinde Gro\u00dfenl\u00fcder haben die B\u00fcrgerinitiative Pro Lebensraum Gro\u00dfenl\u00fcder und der Bundesverband B\u00fcrgerinitiativen Umweltschutz (BBU) gefordert, der Verteilung von Plastikm\u00fcll auf \u00c4ckern im Landkreis Fulda ein Ende zu setzen. Wiederholt hatten B\u00fcrgerInnen auf Feldern, auf denen G\u00e4rreste des Biogasparks am Finkenberg verteilt werden, Plastikteilchen in relevanten Mengen festgestellt. Anscheinend werden Verpackungen, beispielsweise von verdorbenem Fleisch, vor der Verarbeitung von Abf\u00e4llen nicht oder nur unzul\u00e4nglich entfernt. Die G\u00e4rreste aus der industriellen Biogasanlage im Ortsteil Kleinl\u00fcder werden in einem gr\u00f6\u00dferen Umfeld im Landkreis Fulda und im Vogelsbergkreis ausgebracht.<!--more--><\/p>\n<p>Kerstin Desch-W\u00f6hrl von der B\u00fcrgerinitiative Pro Lebensraum Gro\u00dfenl\u00fcder f\u00fchrt hierzu aus: \u201eWir sehen mit gro\u00dfer Besorgnis, wie unsere Umwelt durch eine solche Praxis mit immer mehr Plastikm\u00fcll verunreinigt wird. Statt aus der Verschmutzung der Meere mit Plastik zu lernen, wird dieses nun auch noch auf \u00c4ckern verteilt. Damit besteht die Gefahr, dass es sowohl den Boden wie auch Gew\u00e4sser kontaminiert und erhebliche Sch\u00e4den bei der Wanderung durch die Nahrungskette hervorruft. Das Problem scheint sich zudem auszuweiten. Auf einem Acker in M\u00fcs sind inzwischen erhebliche Mengen von beispielsweise mit Kugelschreiberminen belastetem Kompost festgestellt worden. Dieser Kompost soll aus einer Anlage im Raum Gelnhausen stammen.\u201c<\/p>\n<p>Oliver Kalusch vom Gesch\u00e4ftsf\u00fchrenden Vorstand des BBU erg\u00e4nzt: \u201eWir erwarten, dass die Regierungspr\u00e4sidien nicht erst bei der Verteilung von G\u00e4rresten und Kompost auf \u00c4ckern eingreifen. Vielmehr muss bereits bei der Erteilung immissionsschutzrechtlicher oder bauordnungsrechtlicher Genehmigungen sichergestellt werden, dass kein Plastik in die G\u00e4rreste oder den Kompost ger\u00e4t. F\u00fcr bereits bestehende Anlagen kommen nachtr\u00e4gliche Anordnungen in Betracht, um umweltgef\u00e4hrdende Praktiken zu unterbinden. Falls ein Bebauungsplan zum Betrieb einer Anlage erforderlich ist, sollte dieser zudem nur von der Kommune verabschiedet werden, wenn der Betreiber vorab rechtsverbindlich plastikfreie G\u00e4rreste garantiert.\u201c<\/p>\n<p><strong>Engagement unterst\u00fctzen<\/strong><\/p>\n<p>Zur Finanzierung seines vielf\u00e4ltigen Engagements bittet der BBU um Spenden aus den Reihen der Bev\u00f6lkerung. Spendenkonto: BBU, Sparkasse Bonn, BLZ<br \/>\n37050198, Kontonummer: 19002666. Informationen \u00fcber den BBU und seine Aktivit\u00e4ten gibt es im Internet unter www.bbu-online.de; telefonisch unter 0228-214032. Die Facebook-Adresse lautet www.facebook.com\/BBU72. Postanschrift: BBU, Prinz-Albert-Str. 55, 53113 Bonn.<\/p>\n<p>Der BBU ist der Dachverband zahlreicher B\u00fcrgerinitiativen, Umweltverb\u00e4nde und Einzelmitglieder. Er wurde 1972 gegr\u00fcndet und hat seinen Sitz in Bonn.<br \/>\nWeitere Umweltgruppen, Aktionsb\u00fcndnisse und engagierte Privatpersonen sind aufgerufen, dem BBU beizutreten um die themen\u00fcbergreifende Vernetzung der<br \/>\nUmweltschutzbewegung zu verst\u00e4rken. Der BBU engagiert sich u. a. f\u00fcr menschen- und umweltfreundliche Verkehrskonzepte, f\u00fcr den sofortigen und<br \/>\nweltweiten Atomausstieg, gegen die gef\u00e4hrliche CO2-Endlagerung und f\u00fcr umweltfreundliche Energiequellen.<\/p>\n","protected":false},"excerpt":{"rendered":"<div class=\"tmnf_excerpt\"><p>Gro\u00dfenl\u00fcder. In einem Schreiben an die Regierungspr\u00e4sidien Kassel und Darmstadt, den Landkreis Fulda sowie die Gemeinde Gro\u00dfenl\u00fcder haben die B\u00fcrgerinitiative Pro Lebensraum Gro\u00dfenl\u00fcder und der Bundesverband B\u00fcrgerinitiativen Umweltschutz (BBU) gefordert, der Verteilung von Plastikm\u00fcll auf \u00c4ckern im Landkreis Fulda ein Ende zu setzen. Wiederholt hatten B\u00fcrgerInnen auf Feldern, auf denen G\u00e4rreste des Biogasparks am Finkenberg &hellip;<\/p>\n<\/div>","protected":false},"author":1,"featured_media":0,"comment_status":"closed","ping_status":"closed","sticky":false,"template":"","format":"standard","meta":{"footnotes":""},"categories":[1],"tags":[],"class_list":["post-115361","post","type-post","status-publish","format-standard","hentry","category-startseite"],"_links":{"self":[{"href":"https:\/\/www.fuldaernachrichten.de\/index.php?rest_route=\/wp\/v2\/posts\/115361","targetHints":{"allow":["GET"]}}],"collection":[{"href":"https:\/\/www.fuldaernachrichten.de\/index.php?rest_route=\/wp\/v2\/posts"}],"about":[{"href":"https:\/\/www.fuldaernachrichten.de\/index.php?rest_route=\/wp\/v2\/types\/post"}],"author":[{"embeddable":true,"href":"https:\/\/www.fuldaernachrichten.de\/index.php?rest_route=\/wp\/v2\/users\/1"}],"replies":[{"embeddable":true,"href":"https:\/\/www.fuldaernachrichten.de\/index.php?rest_route=%2Fwp%2Fv2%2Fcomments&post=115361"}],"version-history":[{"count":1,"href":"https:\/\/www.fuldaernachrichten.de\/index.php?rest_route=\/wp\/v2\/posts\/115361\/revisions"}],"predecessor-version":[{"id":115362,"href":"https:\/\/www.fuldaernachrichten.de\/index.php?rest_route=\/wp\/v2\/posts\/115361\/revisions\/115362"}],"wp:attachment":[{"href":"https:\/\/www.fuldaernachrichten.de\/index.php?rest_route=%2Fwp%2Fv2%2Fmedia&parent=115361"}],"wp:term":[{"taxonomy":"category","embeddable":true,"href":"https:\/\/www.fuldaernachrichten.de\/index.php?rest_route=%2Fwp%2Fv2%2Fcategories&post=115361"},{"taxonomy":"post_tag","embeddable":true,"href":"https:\/\/www.fuldaernachrichten.de\/index.php?rest_route=%2Fwp%2Fv2%2Ftags&post=115361"}],"curies":[{"name":"wp","href":"https:\/\/api.w.org\/{rel}","templated":true}]}}