{"id":115359,"date":"2013-10-17T07:49:38","date_gmt":"2013-10-17T07:49:38","guid":{"rendered":"http:\/\/www.fuldaer-nachrichten.de\/?p=115359"},"modified":"2013-10-17T07:49:38","modified_gmt":"2013-10-17T07:49:38","slug":"hessischer-lesefoerderpreis-2013-geht-an-vier-buechereien","status":"publish","type":"post","link":"https:\/\/www.fuldaernachrichten.de\/?p=115359","title":{"rendered":"Hessischer Lesef\u00f6rderpreis 2013 geht an vier B\u00fcchereien"},"content":{"rendered":"<p>Wiesbaden. Die Preistr\u00e4ger des Hessischen Lesef\u00f6rderpreises 2013 stehen fest: Die mit insgesamt 15.000 Euro dotierte Auszeichnung teilen sich in diesem Jahr die Stadt- und Schulb\u00fccherei Taunusstein (Rheingau-Taunus-Kreis), die Stadtb\u00fccherei Lampertheim (Kreis Bergstra\u00dfe), die B\u00fccherei M\u00fcnster (Landkreis Darmstadt-Dieburg) und die Schul- und Stadtb\u00fccherei Felsberg (Schwalm-Eder-Kreis). Die unabh\u00e4ngige Jury w\u00fcrdigt damit Projekte, die auf hervorragende Weise Lesef\u00f6rderung f\u00fcr Kinder und Jugendliche mit sozialem wie kulturellem Engagement verkn\u00fcpfen und die dar\u00fcber hinaus von einer nachhaltigen Zusammenarbeit haupt- und ehrenamtlicher Institutionen gepr\u00e4gt sind.<!--more--><\/p>\n<p>\u201eDie Lesef\u00f6rderung hat in Hessen einen hohen Stellenwert. Das wird nicht zuletzt daran deutlich, dass insbesondere die Bibliotheken zahlreiche auf Kontinuit\u00e4t und Nachhaltigkeit ausgerichtete Leseprojekte konzipieren und realisieren. Das Land Hessen stellt daf\u00fcr schon seit Jahren F\u00f6rdermittel zur Verf\u00fcgung, die sich als lohnende Investition erweisen\u201c, hob die Hessische Ministerin f\u00fcr Wissenschaft und Kunst, Eva K\u00fchne-H\u00f6rmann, bei der Bekanntgabe der Preistr\u00e4ger heute in Wiesbaden hervor. Die Verleihung des Hessischen Lesef\u00f6rderpreises findet am 15. November 2013 in der Kinder-Akademie Fulda statt. An diesem Tag wird auch die Verteilung des Preisgelds auf die pr\u00e4mierten Einrichtungen bekannt gegeben.<\/p>\n<p>Die Stadt- und Schulb\u00fccherei Taunusstein wird f\u00fcr das Projekt \u201eDie Apokalyptischen Lesereiter\u201c ausgezeichnet, mit dem das kulturelle Engagement jugendlicher Leserinnen und Leser gef\u00f6rdert und gezeigt wird, wie gewinnbringend eine gut organisierte Zusammenarbeit zwischen zahlreichen Institutionen f\u00fcr Aufgaben der Lesef\u00f6rderung sein kann. Die Stadtb\u00fccherei Lampertheim betreibt mit dem Projekt \u201eLeselust statt Lesefrust\u201c gezielte und intensive F\u00f6rderung leseschwacher Kinder durch ausgebildete Lesepaten. Bei der Schul- und Stadtb\u00fccherei Felsberg w\u00fcrdigt die Jury das Gesamtkonzept der Lesef\u00f6rderung, das generationen\u00fcbergreifend arbeitet und dabei regionale Besonderheiten geschickt zu integrieren wei\u00df. Die B\u00fccherei M\u00fcnster widmet sich mit dem Projekt \u201eLies dich fit \u2013 Wir machen mit\u201c der F\u00f6rderung von unter Legasthenie leidenden Kindern, um auch damit verbundene soziale \u00c4ngste abzubauen.<\/p>\n","protected":false},"excerpt":{"rendered":"<div class=\"tmnf_excerpt\"><p>Wiesbaden. Die Preistr\u00e4ger des Hessischen Lesef\u00f6rderpreises 2013 stehen fest: Die mit insgesamt 15.000 Euro dotierte Auszeichnung teilen sich in diesem Jahr die Stadt- und Schulb\u00fccherei Taunusstein (Rheingau-Taunus-Kreis), die Stadtb\u00fccherei Lampertheim (Kreis Bergstra\u00dfe), die B\u00fccherei M\u00fcnster (Landkreis Darmstadt-Dieburg) und die Schul- und Stadtb\u00fccherei Felsberg (Schwalm-Eder-Kreis). Die unabh\u00e4ngige Jury w\u00fcrdigt damit Projekte, die auf hervorragende Weise Lesef\u00f6rderung &hellip;<\/p>\n<\/div>","protected":false},"author":1,"featured_media":0,"comment_status":"closed","ping_status":"closed","sticky":false,"template":"","format":"standard","meta":{"footnotes":""},"categories":[1],"tags":[],"class_list":["post-115359","post","type-post","status-publish","format-standard","hentry","category-startseite"],"_links":{"self":[{"href":"https:\/\/www.fuldaernachrichten.de\/index.php?rest_route=\/wp\/v2\/posts\/115359","targetHints":{"allow":["GET"]}}],"collection":[{"href":"https:\/\/www.fuldaernachrichten.de\/index.php?rest_route=\/wp\/v2\/posts"}],"about":[{"href":"https:\/\/www.fuldaernachrichten.de\/index.php?rest_route=\/wp\/v2\/types\/post"}],"author":[{"embeddable":true,"href":"https:\/\/www.fuldaernachrichten.de\/index.php?rest_route=\/wp\/v2\/users\/1"}],"replies":[{"embeddable":true,"href":"https:\/\/www.fuldaernachrichten.de\/index.php?rest_route=%2Fwp%2Fv2%2Fcomments&post=115359"}],"version-history":[{"count":1,"href":"https:\/\/www.fuldaernachrichten.de\/index.php?rest_route=\/wp\/v2\/posts\/115359\/revisions"}],"predecessor-version":[{"id":115360,"href":"https:\/\/www.fuldaernachrichten.de\/index.php?rest_route=\/wp\/v2\/posts\/115359\/revisions\/115360"}],"wp:attachment":[{"href":"https:\/\/www.fuldaernachrichten.de\/index.php?rest_route=%2Fwp%2Fv2%2Fmedia&parent=115359"}],"wp:term":[{"taxonomy":"category","embeddable":true,"href":"https:\/\/www.fuldaernachrichten.de\/index.php?rest_route=%2Fwp%2Fv2%2Fcategories&post=115359"},{"taxonomy":"post_tag","embeddable":true,"href":"https:\/\/www.fuldaernachrichten.de\/index.php?rest_route=%2Fwp%2Fv2%2Ftags&post=115359"}],"curies":[{"name":"wp","href":"https:\/\/api.w.org\/{rel}","templated":true}]}}