{"id":115357,"date":"2013-10-17T00:10:42","date_gmt":"2013-10-17T00:10:42","guid":{"rendered":"http:\/\/www.fuldaer-nachrichten.de\/?p=115357"},"modified":"2013-10-17T07:49:02","modified_gmt":"2013-10-17T07:49:02","slug":"gedaechtnistraining-fuer-senioren-in-glaeserzell","status":"publish","type":"post","link":"https:\/\/www.fuldaernachrichten.de\/?p=115357","title":{"rendered":"Ged\u00e4chtnistraining f\u00fcr Senioren in Gl\u00e4serzell"},"content":{"rendered":"<p>Fulda. \u201eFreude am Denken\u201c ist ein sechsteiliges Ged\u00e4chtnistraining f\u00fcr Senioren ab 65 Jahren \u00fcberschrieben, zu dem der Ortsbeirat Gl\u00e4serzell\u00c2\u00a0 einl\u00e4dt. Interessierte Senioren treffen sich jeweils montags vormittags zwischen 9.30-11.00 Uhr im B\u00fcrgerhaus, Beginn ist am Montag, 4. November um 9.30 Uhr. Angeleitet werden die Teilnehmer von der erfahrenen Ged\u00e4chtnistrainerin Angelika Wahl aus Petersberg. Die Teilnehmergeb\u00fchr f\u00fcr die gesamte Reihe betr\u00e4gt 10,- \u00e2\u201a\u00ac. \u00c2\u00a0Anmeldungen werden erbeten an den Ortsvorsteher Eduard Hannig, Tel. 52742 oder 9529280.<\/p>\n","protected":false},"excerpt":{"rendered":"<div class=\"tmnf_excerpt\"><p>Fulda. \u201eFreude am Denken\u201c ist ein sechsteiliges Ged\u00e4chtnistraining f\u00fcr Senioren ab 65 Jahren \u00fcberschrieben, zu dem der Ortsbeirat Gl\u00e4serzell\u00c2\u00a0 einl\u00e4dt. Interessierte Senioren treffen sich jeweils montags vormittags zwischen 9.30-11.00 Uhr im B\u00fcrgerhaus, Beginn ist am Montag, 4. November um 9.30 Uhr. Angeleitet werden die Teilnehmer von der erfahrenen Ged\u00e4chtnistrainerin Angelika Wahl aus Petersberg. Die Teilnehmergeb\u00fchr &hellip;<\/p>\n<\/div>","protected":false},"author":1,"featured_media":0,"comment_status":"closed","ping_status":"closed","sticky":false,"template":"","format":"standard","meta":{"footnotes":""},"categories":[1],"tags":[],"class_list":["post-115357","post","type-post","status-publish","format-standard","hentry","category-startseite"],"_links":{"self":[{"href":"https:\/\/www.fuldaernachrichten.de\/index.php?rest_route=\/wp\/v2\/posts\/115357","targetHints":{"allow":["GET"]}}],"collection":[{"href":"https:\/\/www.fuldaernachrichten.de\/index.php?rest_route=\/wp\/v2\/posts"}],"about":[{"href":"https:\/\/www.fuldaernachrichten.de\/index.php?rest_route=\/wp\/v2\/types\/post"}],"author":[{"embeddable":true,"href":"https:\/\/www.fuldaernachrichten.de\/index.php?rest_route=\/wp\/v2\/users\/1"}],"replies":[{"embeddable":true,"href":"https:\/\/www.fuldaernachrichten.de\/index.php?rest_route=%2Fwp%2Fv2%2Fcomments&post=115357"}],"version-history":[{"count":1,"href":"https:\/\/www.fuldaernachrichten.de\/index.php?rest_route=\/wp\/v2\/posts\/115357\/revisions"}],"predecessor-version":[{"id":115358,"href":"https:\/\/www.fuldaernachrichten.de\/index.php?rest_route=\/wp\/v2\/posts\/115357\/revisions\/115358"}],"wp:attachment":[{"href":"https:\/\/www.fuldaernachrichten.de\/index.php?rest_route=%2Fwp%2Fv2%2Fmedia&parent=115357"}],"wp:term":[{"taxonomy":"category","embeddable":true,"href":"https:\/\/www.fuldaernachrichten.de\/index.php?rest_route=%2Fwp%2Fv2%2Fcategories&post=115357"},{"taxonomy":"post_tag","embeddable":true,"href":"https:\/\/www.fuldaernachrichten.de\/index.php?rest_route=%2Fwp%2Fv2%2Ftags&post=115357"}],"curies":[{"name":"wp","href":"https:\/\/api.w.org\/{rel}","templated":true}]}}