{"id":115348,"date":"2013-10-17T07:43:50","date_gmt":"2013-10-17T07:43:50","guid":{"rendered":"http:\/\/www.fuldaer-nachrichten.de\/?p=115348"},"modified":"2013-10-17T07:43:50","modified_gmt":"2013-10-17T07:43:50","slug":"fuldaer-bardoschule-wird-mitglied-des-erfolgsmodells-netzwerk-schulen","status":"publish","type":"post","link":"https:\/\/www.fuldaernachrichten.de\/?p=115348","title":{"rendered":"Fuldaer Bardoschule wird Mitglied des Erfolgsmodells Netzwerk Schulen"},"content":{"rendered":"<div id=\"attachment_115349\" style=\"width: 570px\" class=\"wp-caption alignnone\"><img fetchpriority=\"high\" decoding=\"async\" aria-describedby=\"caption-attachment-115349\" class=\"size-full wp-image-115349\" alt=\"Joachim Trost mit den Sch\u00fclerinnen Jessica Klippenstein, Carolina Pansner, Pia Lipka, Projektleiterin Lina H\u00fcbner, Peter Vater, Dr. Wolfgang Dippel und Matthias Hansche (von links).\" src=\"http:\/\/www.fuldaer-nachrichten.de\/wp-content\/uploads\/2013\/10\/Neues-Mitglied-f\u00fcrs-Netzwerk-Schulen.jpg\" width=\"560\" height=\"293\" \/><p id=\"caption-attachment-115349\" class=\"wp-caption-text\">Joachim Trost mit den Sch\u00fclerinnen Jessica Klippenstein, Carolina Pansner, Pia Lipka, Projektleiterin Lina H\u00fcbner, Peter Vater, Dr. Wolfgang Dippel und Matthias Hansche (von links).<\/p><\/div>\n<p><b>Fulda.<\/b> Berufsorientierung in der zehnten Klasse: Dieses Thema steht ab sofort verst\u00e4rkt f\u00fcr die Sch\u00fcler der Bardoschule Fulda auf dem Lehrplan. Als neues Mitglied des \u201eNetzwerks Schulen\u201c erhalten die Realsch\u00fcler in diesem Schuljahr Unterst\u00fctzung und individuelle F\u00f6rderung, um gut vorbereitet in eine Ausbildung oder eine weitere Schulkarriere starten zu k\u00f6nnen.<!--more--><\/p>\n<p>Beratung, Bewerbungstraining und Jobcoaching \u2013 das sind die Inhalte des Konzeptes \u201eBerufsorientierung plus\u201c, das ab sofort an der Bardoschule zum Tragen kommt. Schulkoordinator Joachim Trost ist begeistert von den Lerninhalten: \u201eDas Projekt f\u00f6rdert 24 unserer Zehntkl\u00e4ssler, die im n\u00e4chsten Jahr die Realschule absolvieren. Gerade jetzt ist es f\u00fcr die Sch\u00fcler unabdingbar, gute Bewerbungen schreiben zu k\u00f6nnen und sich beim Vorstellungsgespr\u00e4ch korrekt zu verhalten. Die Kooperation mit dem Netzwerk Schulen bietet genau diese F\u00f6rderung.&#8221;<\/p>\n<p>Das Netzwerk Schulen besteht mittlerweile seit 13 Jahren und hat sich als ein Erfolgsmodell bewiesen. Insbesondere Fuldas B\u00fcrgermeister Dr. Wolfgang Dippel und gleichzeitiger Schirmherr ist \u00fcberzeugt: \u201eDiese Initiative setzt ein Zeichen f\u00fcr unsere Region \u2013 sowohl f\u00fcr Sch\u00fcler als auch f\u00fcr Unternehmen.\u201c F\u00fcr junge Menschen sei es von gr\u00f6\u00dfter Bedeutung, Erfahrungen zu sammeln, um sp\u00e4ter fit f\u00fcr das Berufsleben zu sein. Und auf der anderen Seite k\u00f6nnten die Unternehmen von qualifizierten Fachkr\u00e4ften profitieren. \u201eBereits nach den ersten Gespr\u00e4chen war f\u00fcr uns klar, dass wir Mitglied im Netzwerk werden, da die F\u00f6rderung perfekt auf die Bed\u00fcrfnisse unserer Sch\u00fcler abgestimmt ist\u201c, erkl\u00e4rt Matthias Hansche als stellvertretender Schulleiter.<\/p>\n<p>Die Zusammenarbeit ist ebenfalls f\u00fcr den Vorsitzenden des Netzwerks Schulen, Peter Vater, ein richtiger Schritt: \u201eIm Unterricht gehen unsere Dozenten speziell auf die St\u00e4rken und Schw\u00e4chen der Sch\u00fcler ein, die Jugendlichen sind damit optimal auf ihren weiteren Berufsweg vorbereitet\u00c2\u00a0\u2013 sei es mit einer weiterf\u00fchrenden Schulform oder in einer Berufsausbildung.\u201c F\u00fcr Sch\u00fcler, die w\u00e4hrend des Zusatzunterrichts \u00fcberdurchschnittliches Engagement zeigen, bestehe die M\u00f6glichkeit, ein Stipendium f\u00fcr die weiterf\u00fchrende Schule im Bildungsunternehmen Dr. Jordan zu erhalten, nennt Vater als einen besonderen Ansporn.<\/p>\n","protected":false},"excerpt":{"rendered":"<div class=\"tmnf_excerpt\"><p>Fulda. Berufsorientierung in der zehnten Klasse: Dieses Thema steht ab sofort verst\u00e4rkt f\u00fcr die Sch\u00fcler der Bardoschule Fulda auf dem Lehrplan. Als neues Mitglied des \u201eNetzwerks Schulen\u201c erhalten die Realsch\u00fcler in diesem Schuljahr Unterst\u00fctzung und individuelle F\u00f6rderung, um gut vorbereitet in eine Ausbildung oder eine weitere Schulkarriere starten zu k\u00f6nnen.<\/p>\n<\/div>","protected":false},"author":1,"featured_media":0,"comment_status":"closed","ping_status":"closed","sticky":false,"template":"","format":"standard","meta":{"footnotes":""},"categories":[1,53],"tags":[],"class_list":["post-115348","post","type-post","status-publish","format-standard","hentry","category-startseite","category-bildung"],"_links":{"self":[{"href":"https:\/\/www.fuldaernachrichten.de\/index.php?rest_route=\/wp\/v2\/posts\/115348","targetHints":{"allow":["GET"]}}],"collection":[{"href":"https:\/\/www.fuldaernachrichten.de\/index.php?rest_route=\/wp\/v2\/posts"}],"about":[{"href":"https:\/\/www.fuldaernachrichten.de\/index.php?rest_route=\/wp\/v2\/types\/post"}],"author":[{"embeddable":true,"href":"https:\/\/www.fuldaernachrichten.de\/index.php?rest_route=\/wp\/v2\/users\/1"}],"replies":[{"embeddable":true,"href":"https:\/\/www.fuldaernachrichten.de\/index.php?rest_route=%2Fwp%2Fv2%2Fcomments&post=115348"}],"version-history":[{"count":1,"href":"https:\/\/www.fuldaernachrichten.de\/index.php?rest_route=\/wp\/v2\/posts\/115348\/revisions"}],"predecessor-version":[{"id":115350,"href":"https:\/\/www.fuldaernachrichten.de\/index.php?rest_route=\/wp\/v2\/posts\/115348\/revisions\/115350"}],"wp:attachment":[{"href":"https:\/\/www.fuldaernachrichten.de\/index.php?rest_route=%2Fwp%2Fv2%2Fmedia&parent=115348"}],"wp:term":[{"taxonomy":"category","embeddable":true,"href":"https:\/\/www.fuldaernachrichten.de\/index.php?rest_route=%2Fwp%2Fv2%2Fcategories&post=115348"},{"taxonomy":"post_tag","embeddable":true,"href":"https:\/\/www.fuldaernachrichten.de\/index.php?rest_route=%2Fwp%2Fv2%2Ftags&post=115348"}],"curies":[{"name":"wp","href":"https:\/\/api.w.org\/{rel}","templated":true}]}}