{"id":115346,"date":"2013-10-17T07:40:37","date_gmt":"2013-10-17T07:40:37","guid":{"rendered":"http:\/\/www.fuldaer-nachrichten.de\/?p=115346"},"modified":"2013-10-17T07:40:37","modified_gmt":"2013-10-17T07:40:37","slug":"fahrt-zum-altoettinger-adventssingen","status":"publish","type":"post","link":"https:\/\/www.fuldaernachrichten.de\/?p=115346","title":{"rendered":"Fahrt zum Alt\u00f6ttinger Adventssingen"},"content":{"rendered":"<p>Fulda, Geisa, Hanau, Kassel, Marburg (mz) Das Katholische Seniorenwerk der Di\u00f6zese Fulda veranstaltet vom 10. &#8211; 13. Dezember 2013 eine Fahrt zum Alt\u00f6ttinger Adventssingen. Auf dem Programm stehen u. a. der Besuch auf dem Alt\u00f6ttinger Christkindlmarkt, ein Tagesausflug zur Halsbacher Waldweihnacht. Gebet und Heilige Messe in der Gnadenkapelle bilden den H\u00f6hepunkt der Fahrt. Die Kosten f\u00fcr Busfahrt, Unterkunft, Verpflegung und Tagesausflug betragen im Doppelzimmer 273,- \u00e2\u201a\u00ac und im Einzelzimmer 291,- \u00e2\u201a\u00ac. N\u00e4here Ausk\u00fcnfte und Anmeldung bei Liselotte Sorg, Obertor 12, 35260 Stadtallendorf, Tel.: 06429 \/ 7708, E-Mail: liselotte-sorg@gmx.de Weitere Anmeldungen nehmen entgegen: Sofie Dittmer, Tel.: 06656 \/ 503462 und Annelore G\u00e4rtner, Tel.: 06661 \/ 2233. Anmeldeschluss ist der 25. November 2013.<\/p>\n","protected":false},"excerpt":{"rendered":"<div class=\"tmnf_excerpt\"><p>Fulda, Geisa, Hanau, Kassel, Marburg (mz) Das Katholische Seniorenwerk der Di\u00f6zese Fulda veranstaltet vom 10. &#8211; 13. Dezember 2013 eine Fahrt zum Alt\u00f6ttinger Adventssingen. Auf dem Programm stehen u. a. der Besuch auf dem Alt\u00f6ttinger Christkindlmarkt, ein Tagesausflug zur Halsbacher Waldweihnacht. Gebet und Heilige Messe in der Gnadenkapelle bilden den H\u00f6hepunkt der Fahrt. Die Kosten &hellip;<\/p>\n<\/div>","protected":false},"author":1,"featured_media":0,"comment_status":"closed","ping_status":"closed","sticky":false,"template":"","format":"standard","meta":{"footnotes":""},"categories":[1],"tags":[],"class_list":["post-115346","post","type-post","status-publish","format-standard","hentry","category-startseite"],"_links":{"self":[{"href":"https:\/\/www.fuldaernachrichten.de\/index.php?rest_route=\/wp\/v2\/posts\/115346","targetHints":{"allow":["GET"]}}],"collection":[{"href":"https:\/\/www.fuldaernachrichten.de\/index.php?rest_route=\/wp\/v2\/posts"}],"about":[{"href":"https:\/\/www.fuldaernachrichten.de\/index.php?rest_route=\/wp\/v2\/types\/post"}],"author":[{"embeddable":true,"href":"https:\/\/www.fuldaernachrichten.de\/index.php?rest_route=\/wp\/v2\/users\/1"}],"replies":[{"embeddable":true,"href":"https:\/\/www.fuldaernachrichten.de\/index.php?rest_route=%2Fwp%2Fv2%2Fcomments&post=115346"}],"version-history":[{"count":1,"href":"https:\/\/www.fuldaernachrichten.de\/index.php?rest_route=\/wp\/v2\/posts\/115346\/revisions"}],"predecessor-version":[{"id":115347,"href":"https:\/\/www.fuldaernachrichten.de\/index.php?rest_route=\/wp\/v2\/posts\/115346\/revisions\/115347"}],"wp:attachment":[{"href":"https:\/\/www.fuldaernachrichten.de\/index.php?rest_route=%2Fwp%2Fv2%2Fmedia&parent=115346"}],"wp:term":[{"taxonomy":"category","embeddable":true,"href":"https:\/\/www.fuldaernachrichten.de\/index.php?rest_route=%2Fwp%2Fv2%2Fcategories&post=115346"},{"taxonomy":"post_tag","embeddable":true,"href":"https:\/\/www.fuldaernachrichten.de\/index.php?rest_route=%2Fwp%2Fv2%2Ftags&post=115346"}],"curies":[{"name":"wp","href":"https:\/\/api.w.org\/{rel}","templated":true}]}}