{"id":115344,"date":"2013-10-17T07:40:00","date_gmt":"2013-10-17T07:40:00","guid":{"rendered":"http:\/\/www.fuldaer-nachrichten.de\/?p=115344"},"modified":"2013-10-17T07:40:00","modified_gmt":"2013-10-17T07:40:00","slug":"teil-sperrung-des-gerloser-weges","status":"publish","type":"post","link":"https:\/\/www.fuldaernachrichten.de\/?p=115344","title":{"rendered":"Teil-Sperrung des Gerloser Weges"},"content":{"rendered":"<p>Fulda (cp). Aufgrund einer Tiefbauma\u00dfnahme an der Einm\u00fcndung Niesiger Stra\u00dfe\/Gerloser Weg ist die Zufahrt in die Niesiger Stra\u00dfe von Montag, 21. Oktober 2013 bis einschlie\u00dflich Freitag, 25. Oktober 2013 nur noch f\u00fcr Busse m\u00f6glich. Der Individualverkehr wird ab der Kreuzung Mackenrodtstra\u00dfe\/Gerloser Weg \u00fcber die Strecke Mackenrodtstra\u00dfe \u2013 Niesiger Stra\u00dfe umgeleitet. In der Niesiger Stra\u00dfe werden im Bereich der Einm\u00fcndung die Arbeiten unter einer halbseitigen Sperrung durchgef\u00fchrt.<\/p>\n","protected":false},"excerpt":{"rendered":"<div class=\"tmnf_excerpt\"><p>Fulda (cp). Aufgrund einer Tiefbauma\u00dfnahme an der Einm\u00fcndung Niesiger Stra\u00dfe\/Gerloser Weg ist die Zufahrt in die Niesiger Stra\u00dfe von Montag, 21. Oktober 2013 bis einschlie\u00dflich Freitag, 25. Oktober 2013 nur noch f\u00fcr Busse m\u00f6glich. Der Individualverkehr wird ab der Kreuzung Mackenrodtstra\u00dfe\/Gerloser Weg \u00fcber die Strecke Mackenrodtstra\u00dfe \u2013 Niesiger Stra\u00dfe umgeleitet. In der Niesiger Stra\u00dfe werden &hellip;<\/p>\n<\/div>","protected":false},"author":1,"featured_media":0,"comment_status":"closed","ping_status":"closed","sticky":false,"template":"","format":"standard","meta":{"footnotes":""},"categories":[1,35],"tags":[],"class_list":["post-115344","post","type-post","status-publish","format-standard","hentry","category-startseite","category-auto"],"_links":{"self":[{"href":"https:\/\/www.fuldaernachrichten.de\/index.php?rest_route=\/wp\/v2\/posts\/115344","targetHints":{"allow":["GET"]}}],"collection":[{"href":"https:\/\/www.fuldaernachrichten.de\/index.php?rest_route=\/wp\/v2\/posts"}],"about":[{"href":"https:\/\/www.fuldaernachrichten.de\/index.php?rest_route=\/wp\/v2\/types\/post"}],"author":[{"embeddable":true,"href":"https:\/\/www.fuldaernachrichten.de\/index.php?rest_route=\/wp\/v2\/users\/1"}],"replies":[{"embeddable":true,"href":"https:\/\/www.fuldaernachrichten.de\/index.php?rest_route=%2Fwp%2Fv2%2Fcomments&post=115344"}],"version-history":[{"count":1,"href":"https:\/\/www.fuldaernachrichten.de\/index.php?rest_route=\/wp\/v2\/posts\/115344\/revisions"}],"predecessor-version":[{"id":115345,"href":"https:\/\/www.fuldaernachrichten.de\/index.php?rest_route=\/wp\/v2\/posts\/115344\/revisions\/115345"}],"wp:attachment":[{"href":"https:\/\/www.fuldaernachrichten.de\/index.php?rest_route=%2Fwp%2Fv2%2Fmedia&parent=115344"}],"wp:term":[{"taxonomy":"category","embeddable":true,"href":"https:\/\/www.fuldaernachrichten.de\/index.php?rest_route=%2Fwp%2Fv2%2Fcategories&post=115344"},{"taxonomy":"post_tag","embeddable":true,"href":"https:\/\/www.fuldaernachrichten.de\/index.php?rest_route=%2Fwp%2Fv2%2Ftags&post=115344"}],"curies":[{"name":"wp","href":"https:\/\/api.w.org\/{rel}","templated":true}]}}