{"id":115339,"date":"2013-10-16T08:53:52","date_gmt":"2013-10-16T08:53:52","guid":{"rendered":"http:\/\/www.fuldaer-nachrichten.de\/?p=115339"},"modified":"2013-10-16T08:56:32","modified_gmt":"2013-10-16T08:56:32","slug":"palliativstiftung-sammelt-unterschriften-fuer-ein-leben-bis-zuletzt","status":"publish","type":"post","link":"https:\/\/www.fuldaernachrichten.de\/?p=115339","title":{"rendered":"PalliativStiftung sammelt Unterschriften f\u00fcr ein Leben bis zuletzt"},"content":{"rendered":"<p><img fetchpriority=\"high\" decoding=\"async\" class=\"alignnone size-full wp-image-115340\" alt=\"DSC_0911\" src=\"http:\/\/www.fuldaer-nachrichten.de\/wp-content\/uploads\/2013\/10\/DSC_0911.jpeg\" width=\"560\" height=\"334\" \/><\/p>\n<p>Fulda. Zum Deutschen Hospiztag am 14. Oktober wurde aufgerufen, Signale zu setzen, die unsere Gesellschaft ein kleines bisschen besser machen sollen. So werden weiter in ganz Deutschland von vielen Gruppen Unterschriften von Verb\u00e4nden, Institutionen, Firmen, Privatpersonen f\u00fcr die Charta f\u00fcr Schwerstkranke und Sterbende gesammelt. Im Fuldaer Stadtschloss traf sich aus diesem Anlass ein Querschnitt von Repr\u00e4sentanten aus Politik, Verb\u00e4nden, Wirtschaft, Religionen um gemeinsam die Charta zu zeichnen. Zur online-Unterschrift geht es z. B. \u00fcber die Website <a href=\"http:\/\/www.palliativstiftung.de\">www.palliativstiftung.de<\/a>.<!--more--><i> <\/i><\/p>\n<p>\u201eDie Zeichnung der Charta soll ein Zeichen setzen. Nicht mehr, aber auch nicht weniger. Es ist ein Zeichen, hinter der Forderung f\u00fcr eine bessere Hospizarbeit und PalliativVersorgung zu stehen. Hospizlich-palliatives Denken und Handeln muss verbreitet werden!\u201c, so der Vorstandsvorsitzende der PalliativStiftung, Thomas Sitte aus Fulda. Er ist immer wieder in intensiven Gespr\u00e4chen mit Verfechtern der T\u00f6tung auf Verlangen und Beihilfe zur Selbstt\u00f6tung und wei\u00df: \u201e Mit mehr Aufkl\u00e4rung und offener Diskussion k\u00f6nnen wir dem oftmals verst\u00e4ndlichen Wunsch schwerstleidender und unzureichend behandelter Patienten nach einem beschleunigten Tod eine klare und wirkungsvolle Alternative bieten!\u201c<\/p>\n<p>\u201eWir brauchen Zeichnungen von Verb\u00e4nden, Institutionen, Vereinen, Firmen, aber auch vieler, vieler Einzelpersonen\u201c, erg\u00e4nzt die Vorsitzende des \u201eF\u00f6rderverein &#8230; leben bis zuletzt!\u201c, Elke Hohmann, \u201eMit der \u00f6ffentlichen Solidarisierung haben wir ein besonders wirksames Instrument, die Ziele der Charta und das Wissen um die M\u00f6glichkeiten von Hospizarbeit und Palliativversorgung weit gestreut zu verbreiten.\u201c<\/p>\n<p>Bistum Fulda, evangelische Kirche Kurhessen Waldeck, Interkulturelles Forum, Stadt und Landkreis Fulda, Klinikum Fulda, Helios-Kliniken, Kassen\u00e4rztliche Vereinigung Hessen, Fachverband SAPV und viele andere zeichneten jetzt die Charta. Zu den bisherigen 704 Institutionen und 3.645 Personen kamen damit auf einen Schlag rund 500 weitere Unterst\u00fctzer hinzu.<\/p>\n<p>Zum Foto: Sitzend vlnr. Bischof Heinz Josef Algermissen, Bistum Fulda; Gerhard M\u00f6ller, Oberb\u00fcrgermeister der Stadt Fulda; Ulla D\u00f6ppner, Kreisausschuss, Landkreis Fulda; Landeskirchenrat Horst R\u00fchl, Theol. Vorstand Diakonie Hessen und Evangelische Kirche Kurhessen-Waldeck und<br \/>\nstehend vlnr. Thomas Peffermann, Gesch\u00e4ftsf\u00fchrer, Malteser Hilfsdienst Fulda; Dr. Larbi Tajani, Sprecher Interkulturelles Forum; PD Dr. Thomas Menzel, Vorst. Krankenversorgung und Dieter Pawlik, Vorstand Administration, Klinikum Fulda gAG; Dagmar Pfeffermann, Leiterin Hospiz St. Elisabeth, Thomas Sitte, PalliativStiftung, Elke Hohmann 1. Vorsitzende F\u00f6rderverein &#8230; leben bis zuletzt!; Ansgar Erb, Gesch\u00e4ftsf\u00fchrer Caritasverband Di\u00f6zese Fulda, Dr. Ambros Greiner, St. Elisabeth Krankenhaus H\u00fcnfeld.<\/p>\n","protected":false},"excerpt":{"rendered":"<div class=\"tmnf_excerpt\"><p>Fulda. Zum Deutschen Hospiztag am 14. Oktober wurde aufgerufen, Signale zu setzen, die unsere Gesellschaft ein kleines bisschen besser machen sollen. So werden weiter in ganz Deutschland von vielen Gruppen Unterschriften von Verb\u00e4nden, Institutionen, Firmen, Privatpersonen f\u00fcr die Charta f\u00fcr Schwerstkranke und Sterbende gesammelt. Im Fuldaer Stadtschloss traf sich aus diesem Anlass ein Querschnitt von &hellip;<\/p>\n<\/div>","protected":false},"author":1,"featured_media":0,"comment_status":"closed","ping_status":"closed","sticky":false,"template":"","format":"standard","meta":{"footnotes":""},"categories":[1,51],"tags":[],"class_list":["post-115339","post","type-post","status-publish","format-standard","hentry","category-startseite","category-medizin"],"_links":{"self":[{"href":"https:\/\/www.fuldaernachrichten.de\/index.php?rest_route=\/wp\/v2\/posts\/115339","targetHints":{"allow":["GET"]}}],"collection":[{"href":"https:\/\/www.fuldaernachrichten.de\/index.php?rest_route=\/wp\/v2\/posts"}],"about":[{"href":"https:\/\/www.fuldaernachrichten.de\/index.php?rest_route=\/wp\/v2\/types\/post"}],"author":[{"embeddable":true,"href":"https:\/\/www.fuldaernachrichten.de\/index.php?rest_route=\/wp\/v2\/users\/1"}],"replies":[{"embeddable":true,"href":"https:\/\/www.fuldaernachrichten.de\/index.php?rest_route=%2Fwp%2Fv2%2Fcomments&post=115339"}],"version-history":[{"count":3,"href":"https:\/\/www.fuldaernachrichten.de\/index.php?rest_route=\/wp\/v2\/posts\/115339\/revisions"}],"predecessor-version":[{"id":115343,"href":"https:\/\/www.fuldaernachrichten.de\/index.php?rest_route=\/wp\/v2\/posts\/115339\/revisions\/115343"}],"wp:attachment":[{"href":"https:\/\/www.fuldaernachrichten.de\/index.php?rest_route=%2Fwp%2Fv2%2Fmedia&parent=115339"}],"wp:term":[{"taxonomy":"category","embeddable":true,"href":"https:\/\/www.fuldaernachrichten.de\/index.php?rest_route=%2Fwp%2Fv2%2Fcategories&post=115339"},{"taxonomy":"post_tag","embeddable":true,"href":"https:\/\/www.fuldaernachrichten.de\/index.php?rest_route=%2Fwp%2Fv2%2Ftags&post=115339"}],"curies":[{"name":"wp","href":"https:\/\/api.w.org\/{rel}","templated":true}]}}