{"id":115334,"date":"2013-10-16T08:50:00","date_gmt":"2013-10-16T08:50:00","guid":{"rendered":"http:\/\/www.fuldaer-nachrichten.de\/?p=115334"},"modified":"2013-10-16T08:50:00","modified_gmt":"2013-10-16T08:50:00","slug":"neun-landwirte-beteiligen-sich-mit-25-hektar-an-oeko-projekt-des-fachdienstes-natur-und-landschaft-der-kreisverwaltung","status":"publish","type":"post","link":"https:\/\/www.fuldaernachrichten.de\/?p=115334","title":{"rendered":"Neun Landwirte beteiligen sich mit 25 Hektar an \u00d6ko-Projekt des Fachdienstes Natur und Landschaft der Kreisverwaltung"},"content":{"rendered":"<p><img decoding=\"async\" class=\"alignleft size-thumbnail wp-image-115335\" alt=\"457-Wildpflanzen1\" src=\"http:\/\/www.fuldaer-nachrichten.de\/wp-content\/uploads\/2013\/10\/457-Wildpflanzen1-265x175.jpg\" width=\"265\" height=\"175\" srcset=\"https:\/\/www.fuldaernachrichten.de\/wp-content\/uploads\/2013\/10\/457-Wildpflanzen1-265x175.jpg 265w, https:\/\/www.fuldaernachrichten.de\/wp-content\/uploads\/2013\/10\/457-Wildpflanzen1.jpg 600w\" sizes=\"(max-width: 265px) 100vw, 265px\" \/>Landkreis Fulda. Ein Feld, auf dem sich Falter, K\u00e4fer und Hasen nahezu ungest\u00f6rt wohlf\u00fchlen k\u00f6nnen \u2013 und das Landwirte zu Gewinnung von Biomasse nutzen? Was f\u00fcr die einen nach tr\u00e4umerischem Idyll klingt, ist l\u00e4ngst Realit\u00e4t. Der Fachdienst Natur und Landschaft des Landkreises Fulda versucht mit dem gezielten Anbau von Wildpflanzen neue Akzente in der Biogasgewinnung zu setzen. Dabei geht es um eine einzigartige Vernetzung der Ziele von Naturschutz und Landwirtschaft. \u201eAusschlaggebend f\u00fcr das Projekt war ein Besuch des Fachdienstleiters Martin Seuring auf dem Hof von Werner Kuhn in G\u00fcntersleben, der ein Pionier und mittlerweile Experte auf dem Gebiet der Wildpflanzen ist\u201c, erz\u00e4hlt Rieke Trittin. Sie ist von Seiten des Landkreises f\u00fcr die Koordination zust\u00e4ndig. Vor zwei Jahren hat der Fachdienst die Landwirte angesprochen, die zugleich eine Biogasanlage betreiben. Neun Landwirte sagten zu und lie\u00dfen sich auf das Experiment ein, nachdem sie zuvor meist auf die Substrate Mais, Grassilage und gesetzt hatten.<!--more--><\/p>\n<p><img fetchpriority=\"high\" decoding=\"async\" class=\"alignleft size-thumbnail wp-image-115336\" alt=\"457-Wildpflanzen2\" src=\"http:\/\/www.fuldaer-nachrichten.de\/wp-content\/uploads\/2013\/10\/457-Wildpflanzen2-265x198.jpg\" width=\"265\" height=\"198\" srcset=\"https:\/\/www.fuldaernachrichten.de\/wp-content\/uploads\/2013\/10\/457-Wildpflanzen2-265x198.jpg 265w, https:\/\/www.fuldaernachrichten.de\/wp-content\/uploads\/2013\/10\/457-Wildpflanzen2.jpg 600w\" sizes=\"(max-width: 265px) 100vw, 265px\" \/>Seit dem vergangenen Jahr s\u00e4en sie auf insgesamt 25 Hektar ihrer Fl\u00e4chen einheimische mehrj\u00e4hrige Stauden wie Beifu\u00df und schwarze Flockenblumen sowie einj\u00e4hrige Bl\u00fchpflanzen aus. \u00d6kologisch hat das Projekt in mehrerlei Hinsicht Vorteile: Die Biodiversit\u00e4t wird gef\u00f6rdert, es werden weniger Betriebsmittel eingesetzt, die Fruchtfolge wird aufgelockert, die Pflanzen liefern den Bienen Nahrung und im Winter Tieren Unterschlupf. Die Ernte erfolgt zudem nur einmal im Jahr \u2013 zu einem Zeitpunkt, wenn die Risiken f\u00fcr Bodenbr\u00fcter und Jungtiere geringer sind. Nur einmal im Jahr zu ernten, hat f\u00fcr den Landwirt auch \u00f6konomische Vorteile. Zudem k\u00f6nnen die Wildpflanzen auch auf f\u00fcr andere Kulturpflanzen weniger geeigneten Fl\u00e4chen angebaut werden.<\/p>\n<p>In diesem Jahr haben die am Versuch beteiligten Landwirte die zweite Ernte eingefahren: \u201eDie Ertragsergebnisse sind sehr unterschiedlich\u201c, bilanziert Trittin und f\u00fcgt hinzu: \u201eIm ersten Jahr gab es auf einigen Fl\u00e4chen aufgrund der starken W\u00fcchsigkeit der Sonnenblumen Ernteschwierigkeiten. Jetzt, im zweiten Jahr, sind diese einj\u00e4hrigen Pflanzen nicht mehr dabei und die Ernte verlief positiv. Im Durchschnitt sind wir zufrieden, aber es gibt noch Verbesserungspotential, vor allem in Hinblick auf die Mischungszusammensetzung und die Anbauverfahren. Aber alle Landwirte sind neugierig auf den weiteren Verlauf, so dass sie dabei bleiben.\u201c F\u00fcr die Projektverantwortliche ist die Ausweitung der Anbaufl\u00e4che das Ziel. Jederzeit k\u00f6nnten noch neue, interessierte Biogasanlagenbetreiber teilnehmen.<\/p>\n<p><img decoding=\"async\" class=\"alignleft size-thumbnail wp-image-115337\" alt=\"457-Wildpflanzen4\" src=\"http:\/\/www.fuldaer-nachrichten.de\/wp-content\/uploads\/2013\/10\/457-Wildpflanzen4-265x175.jpg\" width=\"265\" height=\"175\" srcset=\"https:\/\/www.fuldaernachrichten.de\/wp-content\/uploads\/2013\/10\/457-Wildpflanzen4-265x175.jpg 265w, https:\/\/www.fuldaernachrichten.de\/wp-content\/uploads\/2013\/10\/457-Wildpflanzen4.jpg 600w\" sizes=\"(max-width: 265px) 100vw, 265px\" \/><\/p>\n<p>Die Fachdienste Natur und Landschaft sowie Landwirtschaft blicken schon \u00fcber den eigenen Tellerrand hinaus: \u201eWir engagieren uns seit 2012 im bundesweiten Projekt Netzwerk Lebensraum Feldflur\u201c, erkl\u00e4ren die Fachdienstleiter Martin Seuring und Martin Sudbrock. In diesem Netzwerk haben sich 18 Verbandsvertreter aus den Bereichen Jagd, Naturschutz und Energiewirtschaft zusammengeschlossen. Mehrmals im Jahr finden Informationstreffen statt. Ein greifbares Ergebnis: Durch die vernetzte Zusammenarbeit konnte bereits ein Praxisratgeber f\u00fcr Landwirte entwickelt werden. Die Beteiligten tauschen dar\u00fcber hinaus Versuchsergebnisse aus und planen gemeinsame Auftritte zum Beispiel bei Messen.<\/p>\n<p>\u201eAuch setzen wir uns in der politischen Debatte daf\u00fcr ein, dass die Fl\u00e4chen innerhalb des Greenings ber\u00fccksichtigt werden\u201c, wirft Sudbrock einen Blick in die Zukunft. Im Rahmen der EU-Agrarpolitik sollen laut Bundesministerium f\u00fcr Ern\u00e4hrung, Landwirtschaft und Verbraucherschutz ab dem Jahr 2015 Direktzahlungen an Landwirte st\u00e4rker als bislang an erbrachte Umweltleistungen gekn\u00fcpft werden. Zum Beispiel sind Landwirte dann in der Pflicht, f\u00fcnf Prozent ihrer Ackerfl\u00e4chen als sogenannte \u00f6kologische Vorrangfl\u00e4chen bereitzustellen. Ein Feld, auf dem Wildpflanzen Heimat f\u00fcr Insekten, Falter und Hasen bieten, k\u00f6nnte die geforderten Kriterien erf\u00fcllen \u2013 und w\u00fcrde sich f\u00fcr die Landwirte \u00fcber den Nutzen f\u00fcr die eigene Biogasanlage hinaus bezahlt machen.<\/p>\n","protected":false},"excerpt":{"rendered":"<div class=\"tmnf_excerpt\"><p>Landkreis Fulda. Ein Feld, auf dem sich Falter, K\u00e4fer und Hasen nahezu ungest\u00f6rt wohlf\u00fchlen k\u00f6nnen \u2013 und das Landwirte zu Gewinnung von Biomasse nutzen? Was f\u00fcr die einen nach tr\u00e4umerischem Idyll klingt, ist l\u00e4ngst Realit\u00e4t. Der Fachdienst Natur und Landschaft des Landkreises Fulda versucht mit dem gezielten Anbau von Wildpflanzen neue Akzente in der Biogasgewinnung &hellip;<\/p>\n<\/div>","protected":false},"author":1,"featured_media":0,"comment_status":"closed","ping_status":"closed","sticky":false,"template":"","format":"standard","meta":{"footnotes":""},"categories":[1],"tags":[],"class_list":["post-115334","post","type-post","status-publish","format-standard","hentry","category-startseite"],"_links":{"self":[{"href":"https:\/\/www.fuldaernachrichten.de\/index.php?rest_route=\/wp\/v2\/posts\/115334","targetHints":{"allow":["GET"]}}],"collection":[{"href":"https:\/\/www.fuldaernachrichten.de\/index.php?rest_route=\/wp\/v2\/posts"}],"about":[{"href":"https:\/\/www.fuldaernachrichten.de\/index.php?rest_route=\/wp\/v2\/types\/post"}],"author":[{"embeddable":true,"href":"https:\/\/www.fuldaernachrichten.de\/index.php?rest_route=\/wp\/v2\/users\/1"}],"replies":[{"embeddable":true,"href":"https:\/\/www.fuldaernachrichten.de\/index.php?rest_route=%2Fwp%2Fv2%2Fcomments&post=115334"}],"version-history":[{"count":1,"href":"https:\/\/www.fuldaernachrichten.de\/index.php?rest_route=\/wp\/v2\/posts\/115334\/revisions"}],"predecessor-version":[{"id":115338,"href":"https:\/\/www.fuldaernachrichten.de\/index.php?rest_route=\/wp\/v2\/posts\/115334\/revisions\/115338"}],"wp:attachment":[{"href":"https:\/\/www.fuldaernachrichten.de\/index.php?rest_route=%2Fwp%2Fv2%2Fmedia&parent=115334"}],"wp:term":[{"taxonomy":"category","embeddable":true,"href":"https:\/\/www.fuldaernachrichten.de\/index.php?rest_route=%2Fwp%2Fv2%2Fcategories&post=115334"},{"taxonomy":"post_tag","embeddable":true,"href":"https:\/\/www.fuldaernachrichten.de\/index.php?rest_route=%2Fwp%2Fv2%2Ftags&post=115334"}],"curies":[{"name":"wp","href":"https:\/\/api.w.org\/{rel}","templated":true}]}}