{"id":115328,"date":"2013-10-16T08:17:02","date_gmt":"2013-10-16T08:17:02","guid":{"rendered":"http:\/\/www.fuldaer-nachrichten.de\/?p=115328"},"modified":"2013-10-16T08:17:02","modified_gmt":"2013-10-16T08:17:02","slug":"glow-im-glas-weckt-weihnachtstraeume","status":"publish","type":"post","link":"https:\/\/www.fuldaernachrichten.de\/?p=115328","title":{"rendered":"\u201eGlow\u201c im Glas weckt Weihnachtstr\u00e4ume"},"content":{"rendered":"<p><img decoding=\"async\" class=\"alignleft size-thumbnail wp-image-115329\" alt=\"Glow mit Kerze\" src=\"http:\/\/www.fuldaer-nachrichten.de\/wp-content\/uploads\/2013\/10\/Glow-mit-Kerze-265x128.jpg\" width=\"265\" height=\"128\" srcset=\"https:\/\/www.fuldaernachrichten.de\/wp-content\/uploads\/2013\/10\/Glow-mit-Kerze-265x128.jpg 265w, https:\/\/www.fuldaernachrichten.de\/wp-content\/uploads\/2013\/10\/Glow-mit-Kerze.jpg 600w\" sizes=\"(max-width: 265px) 100vw, 265px\" \/>Lorch im Rheingau. Gl\u00fchwein ist Vertrauenssache. Papps\u00fc\u00dfe Schl\u00fcckchen, angereichert mit einer dominanten Kombo aus k\u00fcnstlichen Aromen, haben dem Image dieser Delikatesse, an der sich schon die alten R\u00f6mer labten, schwer zugesetzt. Mit dem \u201eGlow\u201c wagte das traditionsreiche Rheingauer Weingut Altenkirch einen mutigen Schritt hin zum Premium-Drink. Denn der \u201eGlow\u201c ist anders. Hergestellt aus hochwertigen Pr\u00e4dikatsweinen, veredelt mit erlesenen Gew\u00fcrzen, pr\u00e4sentiert sich der finessenreiche wei\u00dfe Gl\u00fchwein aus dem Rheingau. In der Cuv\u00e9e aus kr\u00e4ftigem Traminer und feinfruchtigen Rieslingtrauben baden Sternanis, Kardamon, Orange, Zimt und Lorbeer. Das Bad dauert nur eine Woche, um die Aromen im Zaum zu halten. Denn der \u201eGlow\u201c soll vor allem eins: nach Wein schmecken. F\u00fcr eine angenehme S\u00fc\u00dfe sorgen handselektierte S\u00fc\u00dfweine. Zucker wird nicht zugesetzt.<!--more--><\/p>\n<p>Zwei Top-Anbieter haben in den \u201eGlow\u201c ihr ganzes Wissen und all\u00e2\u20ac\u02dc ihre Leidenschaft gepackt. Und so paart sich Weinkompetenz mit dem Knowhow der Gew\u00fcrzmanufaktur \u201eSpirit of Spice\u201c. Geschmacksverst\u00e4rker, Aroma- oder Konservierungsstoffe wird man in dem edlen Getr\u00e4nk vergeblich suchen. Denn hier wurde auf Reinheit und pures Vergn\u00fcgen gesetzt. Und das spiegelt sich auch im Flaschen-Etikett wider. Wer den \u00fcblichen Weihnachtszauber sucht, wird hier nicht f\u00fcndig. Der \u201eGlow\u201c gl\u00e4nzt trotzdem \u2013 durch schlichte Eleganz und Finesse. Perfekt als vorweihnachtliches Solo oder auch zu Wildgerichten. Rezepte unter <a href=\"http:\/\/www.spirit-of-spice.de\">www.spirit-of-spice.de<\/a>.<\/p>\n<p>Der \u201eGlow\u201c ist ab Oktober ab Weingut erh\u00e4ltlich und steht auch im Regal des Weinfachhandels. Die 750 ml. Flasche des Jahrgangs 2012 kostet EUR 6,-.<\/p>\n<p><b><i>\u00c2\u00a0<\/i><\/b><\/p>\n","protected":false},"excerpt":{"rendered":"<div class=\"tmnf_excerpt\"><p>Lorch im Rheingau. Gl\u00fchwein ist Vertrauenssache. Papps\u00fc\u00dfe Schl\u00fcckchen, angereichert mit einer dominanten Kombo aus k\u00fcnstlichen Aromen, haben dem Image dieser Delikatesse, an der sich schon die alten R\u00f6mer labten, schwer zugesetzt. Mit dem \u201eGlow\u201c wagte das traditionsreiche Rheingauer Weingut Altenkirch einen mutigen Schritt hin zum Premium-Drink. Denn der \u201eGlow\u201c ist anders. Hergestellt aus hochwertigen Pr\u00e4dikatsweinen, &hellip;<\/p>\n<\/div>","protected":false},"author":1,"featured_media":0,"comment_status":"closed","ping_status":"closed","sticky":false,"template":"","format":"standard","meta":{"footnotes":""},"categories":[1,37],"tags":[],"class_list":["post-115328","post","type-post","status-publish","format-standard","hentry","category-startseite","category-essen-und-trinken"],"_links":{"self":[{"href":"https:\/\/www.fuldaernachrichten.de\/index.php?rest_route=\/wp\/v2\/posts\/115328","targetHints":{"allow":["GET"]}}],"collection":[{"href":"https:\/\/www.fuldaernachrichten.de\/index.php?rest_route=\/wp\/v2\/posts"}],"about":[{"href":"https:\/\/www.fuldaernachrichten.de\/index.php?rest_route=\/wp\/v2\/types\/post"}],"author":[{"embeddable":true,"href":"https:\/\/www.fuldaernachrichten.de\/index.php?rest_route=\/wp\/v2\/users\/1"}],"replies":[{"embeddable":true,"href":"https:\/\/www.fuldaernachrichten.de\/index.php?rest_route=%2Fwp%2Fv2%2Fcomments&post=115328"}],"version-history":[{"count":1,"href":"https:\/\/www.fuldaernachrichten.de\/index.php?rest_route=\/wp\/v2\/posts\/115328\/revisions"}],"predecessor-version":[{"id":115330,"href":"https:\/\/www.fuldaernachrichten.de\/index.php?rest_route=\/wp\/v2\/posts\/115328\/revisions\/115330"}],"wp:attachment":[{"href":"https:\/\/www.fuldaernachrichten.de\/index.php?rest_route=%2Fwp%2Fv2%2Fmedia&parent=115328"}],"wp:term":[{"taxonomy":"category","embeddable":true,"href":"https:\/\/www.fuldaernachrichten.de\/index.php?rest_route=%2Fwp%2Fv2%2Fcategories&post=115328"},{"taxonomy":"post_tag","embeddable":true,"href":"https:\/\/www.fuldaernachrichten.de\/index.php?rest_route=%2Fwp%2Fv2%2Ftags&post=115328"}],"curies":[{"name":"wp","href":"https:\/\/api.w.org\/{rel}","templated":true}]}}