{"id":115312,"date":"2013-10-16T07:55:09","date_gmt":"2013-10-16T07:55:09","guid":{"rendered":"http:\/\/www.fuldaer-nachrichten.de\/?p=115312"},"modified":"2013-10-16T07:55:09","modified_gmt":"2013-10-16T07:55:09","slug":"huenfelder-spielplaetze-auf-dem-pruefstand-kommission-beriet-ueber-vorschlaege-an-den-magistrat","status":"publish","type":"post","link":"https:\/\/www.fuldaernachrichten.de\/?p=115312","title":{"rendered":"H\u00fcnfelder Spielpl\u00e4tze auf dem Pr\u00fcfstand &#8211; Kommission beriet \u00fcber Vorschl\u00e4ge an den Magistrat"},"content":{"rendered":"<p><b>H\u00fcnfeld. <\/b>Die Kommission f\u00fcr Kinder- und Jugendangelegenheiten hat bei ihren Ortsterminen auf den H\u00fcnfelder Spielpl\u00e4tzen zahlreiche Verbesserungsma\u00dfnahmen f\u00fcr Spielpl\u00e4tze vorgeschlagen. Diese wurden durch Erste Stadtr\u00e4tin Monika Mihm im Magistrat vorgestellt. Unter anderem hat sich die Kommission daf\u00fcr ausgesprochen, die Rutsche auf dem Spielplatz oberhalb des Parkhauses im Zentrum in H\u00fcnfeld neu zu lackieren, die Schaukelsitze auszutauschen und die Sandk\u00e4sten aufzuf\u00fcllen. Beim Kinderspielplatz im B\u00fcrgerpark sollenl das Spielger\u00e4t Polyp einen neuen Anstrich erhalten und die Fallschutzbereiche der Ger\u00e4te aufgef\u00fcllt werden. Einen neuen Anstrich soll auch die gro\u00dfe Schaukel und die Reckanlage auf dem Spielplatz in der Kastanienallee erhalten. Dort klagten die Mitglieder der Kommission \u00fcber viele Verunreinigungen durch Zigarettenstummel und M\u00fcll im Bereich der Ruheb\u00e4nke. \u00dcberpr\u00fcfen will die Kommission dar\u00fcber hinaus die Kleinspielger\u00e4te in den Stra\u00dfen der H\u00fcnfelder Innenstadt. Sofern dies nicht mehr den aktuellen Sicherheitsnormen entspreche, sollen sie komplett ausgetauscht werden. Ein positives Fazit zog die Kommission zum Ferienprogramm 2013. Aufgrund der guten Resonanz und der engagierten Arbeit der Betreuer seien sowohl die Ferienaktivwochen als auch der Tagesausflug hervorragend angenommen worden. Deshalb soll dieses Angebot auch 2014 fortgesetzt werden.<\/p>\n","protected":false},"excerpt":{"rendered":"<div class=\"tmnf_excerpt\"><p>H\u00fcnfeld. Die Kommission f\u00fcr Kinder- und Jugendangelegenheiten hat bei ihren Ortsterminen auf den H\u00fcnfelder Spielpl\u00e4tzen zahlreiche Verbesserungsma\u00dfnahmen f\u00fcr Spielpl\u00e4tze vorgeschlagen. Diese wurden durch Erste Stadtr\u00e4tin Monika Mihm im Magistrat vorgestellt. Unter anderem hat sich die Kommission daf\u00fcr ausgesprochen, die Rutsche auf dem Spielplatz oberhalb des Parkhauses im Zentrum in H\u00fcnfeld neu zu lackieren, die Schaukelsitze &hellip;<\/p>\n<\/div>","protected":false},"author":1,"featured_media":0,"comment_status":"closed","ping_status":"closed","sticky":false,"template":"","format":"standard","meta":{"footnotes":""},"categories":[1],"tags":[],"class_list":["post-115312","post","type-post","status-publish","format-standard","hentry","category-startseite"],"_links":{"self":[{"href":"https:\/\/www.fuldaernachrichten.de\/index.php?rest_route=\/wp\/v2\/posts\/115312","targetHints":{"allow":["GET"]}}],"collection":[{"href":"https:\/\/www.fuldaernachrichten.de\/index.php?rest_route=\/wp\/v2\/posts"}],"about":[{"href":"https:\/\/www.fuldaernachrichten.de\/index.php?rest_route=\/wp\/v2\/types\/post"}],"author":[{"embeddable":true,"href":"https:\/\/www.fuldaernachrichten.de\/index.php?rest_route=\/wp\/v2\/users\/1"}],"replies":[{"embeddable":true,"href":"https:\/\/www.fuldaernachrichten.de\/index.php?rest_route=%2Fwp%2Fv2%2Fcomments&post=115312"}],"version-history":[{"count":1,"href":"https:\/\/www.fuldaernachrichten.de\/index.php?rest_route=\/wp\/v2\/posts\/115312\/revisions"}],"predecessor-version":[{"id":115313,"href":"https:\/\/www.fuldaernachrichten.de\/index.php?rest_route=\/wp\/v2\/posts\/115312\/revisions\/115313"}],"wp:attachment":[{"href":"https:\/\/www.fuldaernachrichten.de\/index.php?rest_route=%2Fwp%2Fv2%2Fmedia&parent=115312"}],"wp:term":[{"taxonomy":"category","embeddable":true,"href":"https:\/\/www.fuldaernachrichten.de\/index.php?rest_route=%2Fwp%2Fv2%2Fcategories&post=115312"},{"taxonomy":"post_tag","embeddable":true,"href":"https:\/\/www.fuldaernachrichten.de\/index.php?rest_route=%2Fwp%2Fv2%2Ftags&post=115312"}],"curies":[{"name":"wp","href":"https:\/\/api.w.org\/{rel}","templated":true}]}}