{"id":115309,"date":"2013-10-16T07:53:57","date_gmt":"2013-10-16T07:53:57","guid":{"rendered":"http:\/\/www.fuldaer-nachrichten.de\/?p=115309"},"modified":"2013-10-16T07:53:57","modified_gmt":"2013-10-16T07:53:57","slug":"orgelmatinee-im-fuldaer-dom-mit-thomas-viezens-am-26-oktober","status":"publish","type":"post","link":"https:\/\/www.fuldaernachrichten.de\/?p=115309","title":{"rendered":"Orgelmatinee im Fuldaer Dom mit Thomas Viezens am 26. Oktober"},"content":{"rendered":"<p><img fetchpriority=\"high\" decoding=\"async\" class=\"alignleft size-thumbnail wp-image-115310\" alt=\"Viezens\" src=\"http:\/\/www.fuldaer-nachrichten.de\/wp-content\/uploads\/2013\/10\/Viezens-265x367.jpg\" width=\"265\" height=\"367\" srcset=\"https:\/\/www.fuldaernachrichten.de\/wp-content\/uploads\/2013\/10\/Viezens-265x367.jpg 265w, https:\/\/www.fuldaernachrichten.de\/wp-content\/uploads\/2013\/10\/Viezens-191x265.jpg 191w, https:\/\/www.fuldaernachrichten.de\/wp-content\/uploads\/2013\/10\/Viezens-432x600.jpg 432w, https:\/\/www.fuldaernachrichten.de\/wp-content\/uploads\/2013\/10\/Viezens.jpg 600w\" sizes=\"(max-width: 265px) 100vw, 265px\" \/>Fulda. Am 26. Oktober 2013, 12.05 Uhr, wird der Herbstzyklus der Orgelmatineen am Fuldaer Dom vom Hildesheimer Kirchenmusikreferenten Thomas Viezens beschlossen. Viezens bringt mit den beliebten Komponisten Dubois, Guilmant und Bo\u00c3\u00abllmann ein fast rein franz\u00f6sisches Programm mit. Dazwischen stehen zwei Werke des Engl\u00e4nders Percy Fletcher, einem Vertreter der Sp\u00e4tromantik, der neben einigen Werken f\u00fcr Orgel eine ganze Reihe St\u00fccke f\u00fcr Orchester und Oper komponiert hat. Dubois <i>Entr\u00e9e <\/i>und Bo\u00c3\u00abllmanns <i>Sortie <\/i>lassen uns schon an die Matineen im Dezember denken, die die Konzertreihe fortsetzen werden.<\/p>\n","protected":false},"excerpt":{"rendered":"<div class=\"tmnf_excerpt\"><p>Fulda. Am 26. Oktober 2013, 12.05 Uhr, wird der Herbstzyklus der Orgelmatineen am Fuldaer Dom vom Hildesheimer Kirchenmusikreferenten Thomas Viezens beschlossen. Viezens bringt mit den beliebten Komponisten Dubois, Guilmant und Bo\u00c3\u00abllmann ein fast rein franz\u00f6sisches Programm mit. Dazwischen stehen zwei Werke des Engl\u00e4nders Percy Fletcher, einem Vertreter der Sp\u00e4tromantik, der neben einigen Werken f\u00fcr Orgel &hellip;<\/p>\n<\/div>","protected":false},"author":1,"featured_media":0,"comment_status":"closed","ping_status":"closed","sticky":false,"template":"","format":"standard","meta":{"footnotes":""},"categories":[1],"tags":[],"class_list":["post-115309","post","type-post","status-publish","format-standard","hentry","category-startseite"],"_links":{"self":[{"href":"https:\/\/www.fuldaernachrichten.de\/index.php?rest_route=\/wp\/v2\/posts\/115309","targetHints":{"allow":["GET"]}}],"collection":[{"href":"https:\/\/www.fuldaernachrichten.de\/index.php?rest_route=\/wp\/v2\/posts"}],"about":[{"href":"https:\/\/www.fuldaernachrichten.de\/index.php?rest_route=\/wp\/v2\/types\/post"}],"author":[{"embeddable":true,"href":"https:\/\/www.fuldaernachrichten.de\/index.php?rest_route=\/wp\/v2\/users\/1"}],"replies":[{"embeddable":true,"href":"https:\/\/www.fuldaernachrichten.de\/index.php?rest_route=%2Fwp%2Fv2%2Fcomments&post=115309"}],"version-history":[{"count":1,"href":"https:\/\/www.fuldaernachrichten.de\/index.php?rest_route=\/wp\/v2\/posts\/115309\/revisions"}],"predecessor-version":[{"id":115311,"href":"https:\/\/www.fuldaernachrichten.de\/index.php?rest_route=\/wp\/v2\/posts\/115309\/revisions\/115311"}],"wp:attachment":[{"href":"https:\/\/www.fuldaernachrichten.de\/index.php?rest_route=%2Fwp%2Fv2%2Fmedia&parent=115309"}],"wp:term":[{"taxonomy":"category","embeddable":true,"href":"https:\/\/www.fuldaernachrichten.de\/index.php?rest_route=%2Fwp%2Fv2%2Fcategories&post=115309"},{"taxonomy":"post_tag","embeddable":true,"href":"https:\/\/www.fuldaernachrichten.de\/index.php?rest_route=%2Fwp%2Fv2%2Ftags&post=115309"}],"curies":[{"name":"wp","href":"https:\/\/api.w.org\/{rel}","templated":true}]}}