{"id":115305,"date":"2013-10-16T00:49:05","date_gmt":"2013-10-16T00:49:05","guid":{"rendered":"http:\/\/www.fuldaer-nachrichten.de\/?p=115305"},"modified":"2013-10-16T07:52:21","modified_gmt":"2013-10-16T07:52:21","slug":"preis-der-besten-in-gold-fuer-herzberger-baeckerei-aus-fulda-2","status":"publish","type":"post","link":"https:\/\/www.fuldaernachrichten.de\/?p=115305","title":{"rendered":"&#8220;Preis der Besten&#8221; in Gold f\u00fcr Herzberger B\u00e4ckerei aus Fulda"},"content":{"rendered":"<p><img decoding=\"async\" class=\"alignleft size-thumbnail wp-image-115307\" alt=\"Herzberger Baeckerei\" src=\"http:\/\/www.fuldaer-nachrichten.de\/wp-content\/uploads\/2013\/10\/Herzberger-Baeckerei-265x176.jpg\" width=\"265\" height=\"176\" srcset=\"https:\/\/www.fuldaernachrichten.de\/wp-content\/uploads\/2013\/10\/Herzberger-Baeckerei-265x176.jpg 265w, https:\/\/www.fuldaernachrichten.de\/wp-content\/uploads\/2013\/10\/Herzberger-Baeckerei.jpg 600w\" sizes=\"(max-width: 265px) 100vw, 265px\" \/>Fulda. Das Testzentrum Lebensmittel der DLG (Deutsche Landwirtschafts-Gesellschaft) hat jetzt die Herzberger B\u00e4ckerei aus Fulda mit dem \u201ePreis der Besten\u201c in Gold ausgezeichnet. Dieses Qualit\u00e4ts-Zertifikat steht f\u00fcr eine langj\u00e4hrige, nachhaltige Qualit\u00e4tsproduktion. Die Preisverleihung fand auf den \u201e8. DLG-Lebensmitteltagen\u201c statt, die erstmalig in Stuttgart durchgef\u00fchrt wurden und als Treffpunkt der deutschen Ern\u00e4hrungswirtschaft gelten.\u00c2\u00a0 DLG-Vizepr\u00e4sident Prof. Dr. Achim Stiebing \u00fcbergab die Urkunde und gratulierte mit den Worten: \u201eVertrauen entsteht, wenn das Besondere immer wieder neu best\u00e4tigt wird: Sie stellen sich seit Jahren mit Ihren Produkten erfolgreich dem Experten-Urteil der DLG. Dadurch erhalten Ihre attestierten Qualit\u00e4tsaussagen einen besonderen Stellenwert, den der \u00e2\u20ac\u0161Preis der Besten\u00e2\u20ac\u02dc honoriert.\u201c<!--more--><\/p>\n<p><img decoding=\"async\" class=\"alignleft size-thumbnail wp-image-115306\" alt=\"Gruppenfoto\" src=\"http:\/\/www.fuldaer-nachrichten.de\/wp-content\/uploads\/2013\/10\/Gruppenfoto1-265x176.jpg\" width=\"265\" height=\"176\" srcset=\"https:\/\/www.fuldaernachrichten.de\/wp-content\/uploads\/2013\/10\/Gruppenfoto1-265x176.jpg 265w, https:\/\/www.fuldaernachrichten.de\/wp-content\/uploads\/2013\/10\/Gruppenfoto1.jpg 600w\" sizes=\"(max-width: 265px) 100vw, 265px\" \/>Preistr\u00e4ger, die den \u201ePreis der Besten\u201c erhalten, k\u00f6nnen \u00fcber viele Jahre hinweg auf positive Testergebnisse bei den Internationalen DLG-Qualit\u00e4tspr\u00fcfungen f\u00fcr Back- und S\u00fc\u00dfwaren sowie Cerealien verweisen. Um den \u201ePreis der Besten\u201c in Gold zu erzielen, m\u00fcssen Unternehmen \u00fcber f\u00fcnfzehn Jahre hinweg ihre Qualit\u00e4tsleistungen durch Pr\u00e4mierungen bei den j\u00e4hrlich stattfindenden DLG-Qualit\u00e4tstests unter Beweis gestellt haben. F\u00fcr zehn Jahre erfolgreiche DLG-Teilnahme wird der \u201ePreis der Besten\u201c in Silber vergeben. Bronze wird ab f\u00fcnf Jahren verliehen. Der \u201ePreis der Besten\u201c wurde dieses Jahr an 232 Unternehmen der Back-, S\u00fc\u00dfwaren- und\u00c2\u00a0 Cerealienbranche vergeben.<\/p>\n<p><strong>DLG-Testzentrum Lebensmittel<\/strong><br \/>\nDank seiner Fach- und Methodenkompetenz ist das DLG-Testzentrum f\u00fchrend in der Qualit\u00e4tsbewertung von Lebensmitteln. Ein neutrales Experten-Netzwerk sowie Pr\u00fcfmethoden auf Basis aktueller wissenschaftlich abgesicherter und produktspezifischer Qualit\u00e4tsstandards garantieren Neutralit\u00e4t und Qualit\u00e4tstransparenz.<\/p>\n","protected":false},"excerpt":{"rendered":"<div class=\"tmnf_excerpt\"><p>Fulda. Das Testzentrum Lebensmittel der DLG (Deutsche Landwirtschafts-Gesellschaft) hat jetzt die Herzberger B\u00e4ckerei aus Fulda mit dem \u201ePreis der Besten\u201c in Gold ausgezeichnet. Dieses Qualit\u00e4ts-Zertifikat steht f\u00fcr eine langj\u00e4hrige, nachhaltige Qualit\u00e4tsproduktion. Die Preisverleihung fand auf den \u201e8. DLG-Lebensmitteltagen\u201c statt, die erstmalig in Stuttgart durchgef\u00fchrt wurden und als Treffpunkt der deutschen Ern\u00e4hrungswirtschaft gelten.\u00c2\u00a0 DLG-Vizepr\u00e4sident Prof. Dr. &hellip;<\/p>\n<\/div>","protected":false},"author":1,"featured_media":0,"comment_status":"closed","ping_status":"closed","sticky":false,"template":"","format":"standard","meta":{"footnotes":""},"categories":[1],"tags":[],"class_list":["post-115305","post","type-post","status-publish","format-standard","hentry","category-startseite"],"_links":{"self":[{"href":"https:\/\/www.fuldaernachrichten.de\/index.php?rest_route=\/wp\/v2\/posts\/115305","targetHints":{"allow":["GET"]}}],"collection":[{"href":"https:\/\/www.fuldaernachrichten.de\/index.php?rest_route=\/wp\/v2\/posts"}],"about":[{"href":"https:\/\/www.fuldaernachrichten.de\/index.php?rest_route=\/wp\/v2\/types\/post"}],"author":[{"embeddable":true,"href":"https:\/\/www.fuldaernachrichten.de\/index.php?rest_route=\/wp\/v2\/users\/1"}],"replies":[{"embeddable":true,"href":"https:\/\/www.fuldaernachrichten.de\/index.php?rest_route=%2Fwp%2Fv2%2Fcomments&post=115305"}],"version-history":[{"count":1,"href":"https:\/\/www.fuldaernachrichten.de\/index.php?rest_route=\/wp\/v2\/posts\/115305\/revisions"}],"predecessor-version":[{"id":115308,"href":"https:\/\/www.fuldaernachrichten.de\/index.php?rest_route=\/wp\/v2\/posts\/115305\/revisions\/115308"}],"wp:attachment":[{"href":"https:\/\/www.fuldaernachrichten.de\/index.php?rest_route=%2Fwp%2Fv2%2Fmedia&parent=115305"}],"wp:term":[{"taxonomy":"category","embeddable":true,"href":"https:\/\/www.fuldaernachrichten.de\/index.php?rest_route=%2Fwp%2Fv2%2Fcategories&post=115305"},{"taxonomy":"post_tag","embeddable":true,"href":"https:\/\/www.fuldaernachrichten.de\/index.php?rest_route=%2Fwp%2Fv2%2Ftags&post=115305"}],"curies":[{"name":"wp","href":"https:\/\/api.w.org\/{rel}","templated":true}]}}