{"id":115302,"date":"2013-10-16T07:48:37","date_gmt":"2013-10-16T07:48:37","guid":{"rendered":"http:\/\/www.fuldaer-nachrichten.de\/?p=115302"},"modified":"2013-10-16T07:48:37","modified_gmt":"2013-10-16T07:48:37","slug":"erstsemester-der-hochschule-fulda-im-stadtschloss-begruesst","status":"publish","type":"post","link":"https:\/\/www.fuldaernachrichten.de\/?p=115302","title":{"rendered":"Erstsemester der Hochschule Fulda im Stadtschloss begr\u00fc\u00dft"},"content":{"rendered":"<p><img decoding=\"async\" class=\"alignleft size-thumbnail wp-image-115303\" alt=\"DSC_0011\" src=\"http:\/\/www.fuldaer-nachrichten.de\/wp-content\/uploads\/2013\/10\/DSC_0011-265x175.jpg\" width=\"265\" height=\"175\" srcset=\"https:\/\/www.fuldaernachrichten.de\/wp-content\/uploads\/2013\/10\/DSC_0011-265x175.jpg 265w, https:\/\/www.fuldaernachrichten.de\/wp-content\/uploads\/2013\/10\/DSC_0011.jpg 600w\" sizes=\"(max-width: 265px) 100vw, 265px\" \/>Fulda (cp). \u201eWir freuen uns \u00fcber die enge Verbindung zwischen der Stadt und der Hochschule, die in den letzten Jahren eine dynamische Entwicklung durchlaufen hat\u201c, erkl\u00e4rte Oberb\u00fcrgermeister Gerhard M\u00f6ller beim Empfang der Erstsemester der Hochschule Fulda im F\u00fcrstensaal des Fuldaer Stadtschlosses. Im Namen des Magistrats hie\u00df er die Studierenden in der Barockstadt willkommen, w\u00fcnschte ihnen einen erfolgreichen Start und alles Gute f\u00fcr den weiteren Studienverlauf. Zum Wintersemester haben insgesamt 2.000 Erstsemester in Fulda angefangen zu studieren, so dass erstmalig \u00fcber 7.000 Studierende an der Hochschule Fulda immatrikuliert sind. Im Rahmen des Empfangs wurde der DAAD-Preis an Mykola Lutsiuk aus der Ukraine verliehen.<!--more--><\/p>\n<p><strong>Internationale Ausrichtung<\/strong><br \/>\n<strong>\u00c2\u00a0<\/strong><br \/>\n\u201eDie Studierenden sind eine Bereicherung f\u00fcr Stadt und Region und pr\u00e4gen das Stadtbild von Fulda wesentlich mit\u201c, betonte der Pr\u00e4sident der Hochschule Fulda, Prof. Dr. Karim Khakzar, im Anschluss und verwies auch darauf, dass viele Absolventen \u201eihre Wurzeln in der Region schlagen\u201c. Au\u00dferdem ging er auf die vielen Ber\u00fchrungspunkte zwischen Stadt und Hochschule ein, wie zum Beispiel die baulichen Ver\u00e4nderungen, die in Kooperation mit der Stadt innerhalb der letzten Jahre realisiert worden sind. Deutlich wurde auch, dass die Hochschule Fulda gro\u00dfen Wert auf eine internationale Ausrichtung legt und Studenten aus dem Ausland als gro\u00dfe Bereicherung angesehen werden. So liegt die Hochschule Fulda mit einem Anteil an internationalen Studierenden in H\u00f6he von 14 Prozent bundesweit \u00fcber dem Durchschnitt, wobei dieses Mal 250 Erstsemester einen internationalen Pass besitzen.<\/p>\n<p><strong>DAAD-Preis an Mykola Lutsiuk<\/strong><\/p>\n<p>Auch in diesem Jahr \u2013 zum mittlerweile 17. Mal \u2013 wurde im Rahmen dieses Empfangs ein Studierender, der urspr\u00fcnglich aus dem Ausland kommt und sich durch besonderes Engagement in und auch au\u00dferhalb der Hochschule verdient gemacht hat, mit dem DAAD-Preis ausgezeichnet. Der urspr\u00fcnglich aus der Ukraine stammende diesj\u00e4hrige Preistr\u00e4ger Mykola Lutsiuk studierte vom Wintersemester 2010 bis zu seinem Abschluss in diesem Sommer im Fachbereich Angewandte Informatik und arbeitete dort auch als Dozent. In seiner Laudatio hob der Pr\u00e4sident der Hochschule insbesondere drei Eigenschaften von Mykola Lutsiuk hervor: Erstens dessen Zielstrebigkeit und Ehrgeiz. Zweitens sein Bestreben, andere an den eigenen Erfahrungen teilhaben zu lassen. So gab er sein Wissen zum Beispiel gerne in Lerngruppen an seine Kommilitonen weiter und wurde als \u00e4u\u00dferst hilfsbereit angesehen. Drittens erw\u00e4hnte Prof. Dr. Khakzar die kommunikativen F\u00e4higkeiten des Preistr\u00e4gers, der \u201ezahlreiche Kontakte zu Kommilitonen hatte und auch bei vielen gesellschaftlichen Ereignissen der Hochschule eine hohe Pr\u00e4senz gezeigt hat\u201c.<\/p>\n<p><strong>Viel gelernt<\/strong><\/p>\n<p>Hocherfreut und stolz nahm Mykola Lutsiuk den DAAD-Preis entgegen, dankte der Hochschule, der Stadt Fulda und dem Deutschen Akademischen Austauschdienst und legte auf sympathische Art und Weise dar, wie ihn die Zeit in der Barockstadt gepr\u00e4gt hat. \u201eObwohl das Studium auch anstrengend war, habe ich jeden Moment genossen \u2013 die drei Jahre in Fulda waren die besten meines Lebens\u201c, stellte der Preistr\u00e4ger heraus. Er habe viel gelernt und trotz der Sprach- und Kulturunterschiede viele gute Freunde gefunden. Solche Erlebnisse h\u00e4tten ihn als Person ver\u00e4ndert, gab der 29-J\u00e4hrige zu und scherzte: \u201eEs war mir wichtig, dass ich die Ukraine gut in Deutschland repr\u00e4sentiere. Dabei bin ich vielleicht nicht so beeindruckend wie Wladimir Klitschko, aber ich habe auch noch Zeit.\u201c<\/p>\n","protected":false},"excerpt":{"rendered":"<div class=\"tmnf_excerpt\"><p>Fulda (cp). \u201eWir freuen uns \u00fcber die enge Verbindung zwischen der Stadt und der Hochschule, die in den letzten Jahren eine dynamische Entwicklung durchlaufen hat\u201c, erkl\u00e4rte Oberb\u00fcrgermeister Gerhard M\u00f6ller beim Empfang der Erstsemester der Hochschule Fulda im F\u00fcrstensaal des Fuldaer Stadtschlosses. Im Namen des Magistrats hie\u00df er die Studierenden in der Barockstadt willkommen, w\u00fcnschte ihnen &hellip;<\/p>\n<\/div>","protected":false},"author":1,"featured_media":0,"comment_status":"closed","ping_status":"closed","sticky":false,"template":"","format":"standard","meta":{"footnotes":""},"categories":[1],"tags":[],"class_list":["post-115302","post","type-post","status-publish","format-standard","hentry","category-startseite"],"_links":{"self":[{"href":"https:\/\/www.fuldaernachrichten.de\/index.php?rest_route=\/wp\/v2\/posts\/115302","targetHints":{"allow":["GET"]}}],"collection":[{"href":"https:\/\/www.fuldaernachrichten.de\/index.php?rest_route=\/wp\/v2\/posts"}],"about":[{"href":"https:\/\/www.fuldaernachrichten.de\/index.php?rest_route=\/wp\/v2\/types\/post"}],"author":[{"embeddable":true,"href":"https:\/\/www.fuldaernachrichten.de\/index.php?rest_route=\/wp\/v2\/users\/1"}],"replies":[{"embeddable":true,"href":"https:\/\/www.fuldaernachrichten.de\/index.php?rest_route=%2Fwp%2Fv2%2Fcomments&post=115302"}],"version-history":[{"count":1,"href":"https:\/\/www.fuldaernachrichten.de\/index.php?rest_route=\/wp\/v2\/posts\/115302\/revisions"}],"predecessor-version":[{"id":115304,"href":"https:\/\/www.fuldaernachrichten.de\/index.php?rest_route=\/wp\/v2\/posts\/115302\/revisions\/115304"}],"wp:attachment":[{"href":"https:\/\/www.fuldaernachrichten.de\/index.php?rest_route=%2Fwp%2Fv2%2Fmedia&parent=115302"}],"wp:term":[{"taxonomy":"category","embeddable":true,"href":"https:\/\/www.fuldaernachrichten.de\/index.php?rest_route=%2Fwp%2Fv2%2Fcategories&post=115302"},{"taxonomy":"post_tag","embeddable":true,"href":"https:\/\/www.fuldaernachrichten.de\/index.php?rest_route=%2Fwp%2Fv2%2Ftags&post=115302"}],"curies":[{"name":"wp","href":"https:\/\/api.w.org\/{rel}","templated":true}]}}