{"id":115297,"date":"2013-10-16T07:40:10","date_gmt":"2013-10-16T07:40:10","guid":{"rendered":"http:\/\/www.fuldaer-nachrichten.de\/?p=115297"},"modified":"2013-10-16T07:40:10","modified_gmt":"2013-10-16T07:40:10","slug":"mit-der-vhs-zur-duerer-ausstellung-im-frankfurter-staedel","status":"publish","type":"post","link":"https:\/\/www.fuldaernachrichten.de\/?p=115297","title":{"rendered":"Mit der vhs zur D\u00fcrer-Ausstellung im Frankfurter \u201eSt\u00e4del\u201c"},"content":{"rendered":"<p>Lauterbach. Eine Tagesfahrt mit dem Reisebus nach Frankfurt f\u00fchrt am 2. November in die weltber\u00fchmte Frankfurter Gem\u00e4ldegalerie &#8220;St\u00e4del&#8221;. Anlass der Fahrt ist die gro\u00dfe D\u00fcrer-Ausstellung.\u00c2\u00a0 Albrecht D\u00fcrer war der wichtigste deutsche K\u00fcnstler der Renaissance. Anhand von rund 180 Werken zeigt das gro\u00df angelegte Ausstellungsprojekt D\u00fcrers Schaffen in der ganzen Vielfalt seiner k\u00fcnstlerischen Ausdrucksm\u00f6glichkeiten. Vom Tafel- und Leinwandbild \u00fcber Druckgrafiken bis hin zu Handzeichnungen und illustrierten B\u00fcchern wird deutlich, wie sich k\u00fcnstlerische Innovationen des deutschen Meisters mit Neuerungen und Verbesserungen technischer Verfahren verbanden und wie intensiv er sich mit Werken seiner Vorl\u00e4ufer und Zeitgenossen wie Martin Schongauer oder Giovanni Bellini auseinandersetzte.<!--more--><\/p>\n<p>Als besonderes Highlight der Ausstellung wird der Heller-Altar wiedervereint pr\u00e4sentiert, der urspr\u00fcnglich f\u00fcr die Kirche des Frankfurter Dominikanerklosters geschaffen wurde und heute in einzelnen Tafeln in verschiedenen Museen aufbewahrt wird. F\u00fcr kein anderes Werk sind so viele Vorstudien D\u00fcrers erhalten, die erstmals in gro\u00dfer Zahl mit dem wiedervereinten Retabel gezeigt werden. Zur Ausstellung kommen weltber\u00fchmte Leihgaben u.a. aus London, Wien, Washington, Paris, Madrid, Lissabon, Berlin und New York. Der Besuch im \u201eSt\u00e4del\u201c umfasst eine F\u00fchrung durch die D\u00fcrer-Ausstellung und zus\u00e4tzlich eine F\u00fchrung durch die Abteilung &#8220;Moderne&#8221;. Verbindliche Anmeldung bis 18. Oktober.\u00c2\u00a0 Weitere Informationen und Anmeldung bis zum 18. Oktober bei der Volkshochschule Alsfeld, F\u00e4rbergasse 2, Tel. 06631 \/ 792-770, oder im Internet unter www.vhs-vogelsberg.de.<\/p>\n","protected":false},"excerpt":{"rendered":"<div class=\"tmnf_excerpt\"><p>Lauterbach. Eine Tagesfahrt mit dem Reisebus nach Frankfurt f\u00fchrt am 2. November in die weltber\u00fchmte Frankfurter Gem\u00e4ldegalerie &#8220;St\u00e4del&#8221;. Anlass der Fahrt ist die gro\u00dfe D\u00fcrer-Ausstellung.\u00c2\u00a0 Albrecht D\u00fcrer war der wichtigste deutsche K\u00fcnstler der Renaissance. Anhand von rund 180 Werken zeigt das gro\u00df angelegte Ausstellungsprojekt D\u00fcrers Schaffen in der ganzen Vielfalt seiner k\u00fcnstlerischen Ausdrucksm\u00f6glichkeiten. Vom Tafel- &hellip;<\/p>\n<\/div>","protected":false},"author":1,"featured_media":0,"comment_status":"closed","ping_status":"closed","sticky":false,"template":"","format":"standard","meta":{"footnotes":""},"categories":[1],"tags":[],"class_list":["post-115297","post","type-post","status-publish","format-standard","hentry","category-startseite"],"_links":{"self":[{"href":"https:\/\/www.fuldaernachrichten.de\/index.php?rest_route=\/wp\/v2\/posts\/115297","targetHints":{"allow":["GET"]}}],"collection":[{"href":"https:\/\/www.fuldaernachrichten.de\/index.php?rest_route=\/wp\/v2\/posts"}],"about":[{"href":"https:\/\/www.fuldaernachrichten.de\/index.php?rest_route=\/wp\/v2\/types\/post"}],"author":[{"embeddable":true,"href":"https:\/\/www.fuldaernachrichten.de\/index.php?rest_route=\/wp\/v2\/users\/1"}],"replies":[{"embeddable":true,"href":"https:\/\/www.fuldaernachrichten.de\/index.php?rest_route=%2Fwp%2Fv2%2Fcomments&post=115297"}],"version-history":[{"count":1,"href":"https:\/\/www.fuldaernachrichten.de\/index.php?rest_route=\/wp\/v2\/posts\/115297\/revisions"}],"predecessor-version":[{"id":115298,"href":"https:\/\/www.fuldaernachrichten.de\/index.php?rest_route=\/wp\/v2\/posts\/115297\/revisions\/115298"}],"wp:attachment":[{"href":"https:\/\/www.fuldaernachrichten.de\/index.php?rest_route=%2Fwp%2Fv2%2Fmedia&parent=115297"}],"wp:term":[{"taxonomy":"category","embeddable":true,"href":"https:\/\/www.fuldaernachrichten.de\/index.php?rest_route=%2Fwp%2Fv2%2Fcategories&post=115297"},{"taxonomy":"post_tag","embeddable":true,"href":"https:\/\/www.fuldaernachrichten.de\/index.php?rest_route=%2Fwp%2Fv2%2Ftags&post=115297"}],"curies":[{"name":"wp","href":"https:\/\/api.w.org\/{rel}","templated":true}]}}