{"id":115288,"date":"2013-10-15T07:55:43","date_gmt":"2013-10-15T07:55:43","guid":{"rendered":"http:\/\/www.fuldaer-nachrichten.de\/?p=115288"},"modified":"2013-10-15T07:55:43","modified_gmt":"2013-10-15T07:55:43","slug":"gelungene-schotterrallye-fuer-gassner-jr","status":"publish","type":"post","link":"https:\/\/www.fuldaernachrichten.de\/?p=115288","title":{"rendered":"Gelungene Schotterrallye f\u00fcr Gassner jr."},"content":{"rendered":"<p><img decoding=\"async\" class=\"alignleft size-thumbnail wp-image-115289\" alt=\"GassnerJr_1013_RBHahn1\" src=\"http:\/\/www.fuldaer-nachrichten.de\/wp-content\/uploads\/2013\/10\/GassnerJr_1013_RBHahn1-265x169.jpg\" width=\"265\" height=\"169\" srcset=\"https:\/\/www.fuldaernachrichten.de\/wp-content\/uploads\/2013\/10\/GassnerJr_1013_RBHahn1-265x169.jpg 265w, https:\/\/www.fuldaernachrichten.de\/wp-content\/uploads\/2013\/10\/GassnerJr_1013_RBHahn1.jpg 600w\" sizes=\"(max-width: 265px) 100vw, 265px\" \/>Oberlausitz. Am vergangenen Wochenende wurde die 15. ADMV Lausitz Rallye \u2013 Saisonfinale zur Deutschen Rallyemeisterschaft -\u00c2\u00a0 im Raum Boxberg (Oberlausitz) ausgetragen. Nach\u00c2\u00a0 \u00fcber einj\u00e4hriger Schotterpause stellte sich Gassner jr. der Herausforderung gegen zahlreiche Spezialisten aus Finnland, Schweden und dem Baltikum. \u201eIch freue mich schon sehr, mein K\u00f6nnen auf dem losen Untergrund unter Beweis stellen zu d\u00fcrfen. Dennoch wird es ein schwieriges Unterfangen sich gegen die erfahrenen Schotterspezialisten zu behaupten. Aber auch Armin Kremer im st\u00e4rkeren Fabia S2000 ist ein sehr gef\u00e4hrlicher Gegner. Allerdings werde ich vorrangig darauf schauen Kilometer zu sammeln, Spa\u00df zu haben und einen guten Rhythmus zu finden.\u201c, so Hermann Gassner jr.<!--more--><\/p>\n<p>Der beliebte Lauf im gr\u00f6\u00dften Sandkasten Deutschlands mit 166 Wertungspr\u00fcfungs-Kilometer zeigte sich bereits beim Shakedown von seiner besten Seite. St\u00e4ndig \u00e4ndernde Lichtverh\u00e4ltnisse und ergiebige Regeng\u00fcsse waren ein Vorbote auf die harten Bedingungen. Mit dem Showstart in der Tagebau-Stadt Wei\u00dfwasser fiel der Startschuss f\u00fcr die ersten vier Wertungspr\u00fcfungen. Das deutsch\/\u00f6sterreichische Team k\u00e4mpfte sich bei sintflutartigem Regen \u00fcber die rutschigen Stages und konnte sich zum Ende des ersten Tages auf Rang 4 liegend in die Nachtruhe begeben.<\/p>\n<p>\u201eEs war nicht einfach bei enormen Regen und schlechter Sicht\u00c2\u00a0 die sehr schnellen, sandigen bzw. schlammigen Pr\u00fcfungen mit einem\u00c2\u00a0 guten Grundspeed zu bew\u00e4ltigen, doch ich denke, dass wir auf einem guten Weg sind. Morgen erwarten uns noch einige Pr\u00fcfungen, bei denen wir uns steigern wollen. Wir werden unser Bestes geben und abgerechnet wird bekanntlich zum Schluss\u201c, so Copilotin Ursula Mayrhofer.<\/p>\n<p>Bei deutlich besseren Wetterbedingungen am zweiten Veranstaltungstag zeigte Hermann Gassner jr. sein K\u00f6nnen. Mit einigen sehr guten WP-Zeiten, spektakul\u00e4ren Drifts und High-Speed Spr\u00fcngen begeisterte man das Publikum und verbesserte sich \u00c2\u00a0auf den dritten Gesamtrang und beendet die Rallye auch als bestes deutsches (deutsch\/\u00f6sterreichisches) Team.<\/p>\n<p>Hermann Gassner jr. res\u00fcmiert: \u201eEs freut mich sehr nach der langen Schotterpause das Deb\u00fct mit unserem Gruppe N Evo X so positiv beendet zu haben. Die Pr\u00fcfungen haben mir wirklich viel abverlangt, doch es hat riesen Spa\u00df gemacht wieder auf losem Untergrund zu fahren. Wir haben uns im Lauf der Rallye gesteigert und konnten einiges am Fahrzeug ausprobieren. Besonderer Dank gilt nat\u00fcrlich meinen Mechanikern die mit unerm\u00fcdlichem Einsatz unseren Mitsubishi stets in bestem Zustand aus dem Service entlie\u00dfen.\u201c<\/p>\n<p>In zwei Wochen, am 25. und 26. Oktober, steht bereits die letzte Rallye des Jahres auf dem Programm. Die 3 St\u00e4dte Rallye in Bad F\u00fcssing ist der Finallauf zu einigen Meisterschaften und gleichzeitig fast eine Heimveranstaltung f\u00fcr die Beiden.<\/p>\n","protected":false},"excerpt":{"rendered":"<div class=\"tmnf_excerpt\"><p>Oberlausitz. Am vergangenen Wochenende wurde die 15. ADMV Lausitz Rallye \u2013 Saisonfinale zur Deutschen Rallyemeisterschaft -\u00c2\u00a0 im Raum Boxberg (Oberlausitz) ausgetragen. Nach\u00c2\u00a0 \u00fcber einj\u00e4hriger Schotterpause stellte sich Gassner jr. der Herausforderung gegen zahlreiche Spezialisten aus Finnland, Schweden und dem Baltikum. \u201eIch freue mich schon sehr, mein K\u00f6nnen auf dem losen Untergrund unter Beweis stellen zu &hellip;<\/p>\n<\/div>","protected":false},"author":1,"featured_media":0,"comment_status":"closed","ping_status":"closed","sticky":false,"template":"","format":"standard","meta":{"footnotes":""},"categories":[1,35],"tags":[],"class_list":["post-115288","post","type-post","status-publish","format-standard","hentry","category-startseite","category-auto"],"_links":{"self":[{"href":"https:\/\/www.fuldaernachrichten.de\/index.php?rest_route=\/wp\/v2\/posts\/115288","targetHints":{"allow":["GET"]}}],"collection":[{"href":"https:\/\/www.fuldaernachrichten.de\/index.php?rest_route=\/wp\/v2\/posts"}],"about":[{"href":"https:\/\/www.fuldaernachrichten.de\/index.php?rest_route=\/wp\/v2\/types\/post"}],"author":[{"embeddable":true,"href":"https:\/\/www.fuldaernachrichten.de\/index.php?rest_route=\/wp\/v2\/users\/1"}],"replies":[{"embeddable":true,"href":"https:\/\/www.fuldaernachrichten.de\/index.php?rest_route=%2Fwp%2Fv2%2Fcomments&post=115288"}],"version-history":[{"count":1,"href":"https:\/\/www.fuldaernachrichten.de\/index.php?rest_route=\/wp\/v2\/posts\/115288\/revisions"}],"predecessor-version":[{"id":115290,"href":"https:\/\/www.fuldaernachrichten.de\/index.php?rest_route=\/wp\/v2\/posts\/115288\/revisions\/115290"}],"wp:attachment":[{"href":"https:\/\/www.fuldaernachrichten.de\/index.php?rest_route=%2Fwp%2Fv2%2Fmedia&parent=115288"}],"wp:term":[{"taxonomy":"category","embeddable":true,"href":"https:\/\/www.fuldaernachrichten.de\/index.php?rest_route=%2Fwp%2Fv2%2Fcategories&post=115288"},{"taxonomy":"post_tag","embeddable":true,"href":"https:\/\/www.fuldaernachrichten.de\/index.php?rest_route=%2Fwp%2Fv2%2Ftags&post=115288"}],"curies":[{"name":"wp","href":"https:\/\/api.w.org\/{rel}","templated":true}]}}