{"id":115286,"date":"2013-10-15T07:54:23","date_gmt":"2013-10-15T07:54:23","guid":{"rendered":"http:\/\/www.fuldaer-nachrichten.de\/?p=115286"},"modified":"2013-10-15T07:54:23","modified_gmt":"2013-10-15T07:54:23","slug":"fangjagdlehrgang-im-november","status":"publish","type":"post","link":"https:\/\/www.fuldaernachrichten.de\/?p=115286","title":{"rendered":"Fangjagdlehrgang im November"},"content":{"rendered":"<p>Lauterbach. Im November wird in Zusammenarbeit mit dem Leiter des Jungj\u00e4gerkurses des Jagdvereines Alsfeld e.V. und der J\u00e4gervereinigung Lauterbach e.V. ein Fangjagdlehrgang durchgef\u00fchrt. Dies teilt die Untere Jagdbeh\u00f6rde im Landratsamt mit. Mit dieser Schulung werden sowohl die rechtlichen als auch die praktischen Voraussetzungen zur Aus\u00fcbung der Fangjagd auf Fuchs, Waschb\u00e4r und weitere Beutegreifer vermittelt. Interessierte B\u00fcrgerinnen und B\u00fcrger k\u00f6nnen sich bis zum 25. Oktober bei der Jagdbeh\u00f6rde in Lauterbach unter der Telefon-Nummer 06641\/977-140 oder 977-142 f\u00fcr diesen Lehrgang anmelden.<\/p>\n","protected":false},"excerpt":{"rendered":"<div class=\"tmnf_excerpt\"><p>Lauterbach. Im November wird in Zusammenarbeit mit dem Leiter des Jungj\u00e4gerkurses des Jagdvereines Alsfeld e.V. und der J\u00e4gervereinigung Lauterbach e.V. ein Fangjagdlehrgang durchgef\u00fchrt. Dies teilt die Untere Jagdbeh\u00f6rde im Landratsamt mit. Mit dieser Schulung werden sowohl die rechtlichen als auch die praktischen Voraussetzungen zur Aus\u00fcbung der Fangjagd auf Fuchs, Waschb\u00e4r und weitere Beutegreifer vermittelt. Interessierte &hellip;<\/p>\n<\/div>","protected":false},"author":1,"featured_media":0,"comment_status":"closed","ping_status":"closed","sticky":false,"template":"","format":"standard","meta":{"footnotes":""},"categories":[1],"tags":[],"class_list":["post-115286","post","type-post","status-publish","format-standard","hentry","category-startseite"],"_links":{"self":[{"href":"https:\/\/www.fuldaernachrichten.de\/index.php?rest_route=\/wp\/v2\/posts\/115286","targetHints":{"allow":["GET"]}}],"collection":[{"href":"https:\/\/www.fuldaernachrichten.de\/index.php?rest_route=\/wp\/v2\/posts"}],"about":[{"href":"https:\/\/www.fuldaernachrichten.de\/index.php?rest_route=\/wp\/v2\/types\/post"}],"author":[{"embeddable":true,"href":"https:\/\/www.fuldaernachrichten.de\/index.php?rest_route=\/wp\/v2\/users\/1"}],"replies":[{"embeddable":true,"href":"https:\/\/www.fuldaernachrichten.de\/index.php?rest_route=%2Fwp%2Fv2%2Fcomments&post=115286"}],"version-history":[{"count":1,"href":"https:\/\/www.fuldaernachrichten.de\/index.php?rest_route=\/wp\/v2\/posts\/115286\/revisions"}],"predecessor-version":[{"id":115287,"href":"https:\/\/www.fuldaernachrichten.de\/index.php?rest_route=\/wp\/v2\/posts\/115286\/revisions\/115287"}],"wp:attachment":[{"href":"https:\/\/www.fuldaernachrichten.de\/index.php?rest_route=%2Fwp%2Fv2%2Fmedia&parent=115286"}],"wp:term":[{"taxonomy":"category","embeddable":true,"href":"https:\/\/www.fuldaernachrichten.de\/index.php?rest_route=%2Fwp%2Fv2%2Fcategories&post=115286"},{"taxonomy":"post_tag","embeddable":true,"href":"https:\/\/www.fuldaernachrichten.de\/index.php?rest_route=%2Fwp%2Fv2%2Ftags&post=115286"}],"curies":[{"name":"wp","href":"https:\/\/api.w.org\/{rel}","templated":true}]}}