{"id":115283,"date":"2013-10-15T07:53:35","date_gmt":"2013-10-15T07:53:35","guid":{"rendered":"http:\/\/www.fuldaer-nachrichten.de\/?p=115283"},"modified":"2013-10-15T07:53:35","modified_gmt":"2013-10-15T07:53:35","slug":"muehlen-abklappern-bei-einer-tour-durch-den-vogelsberg","status":"publish","type":"post","link":"https:\/\/www.fuldaernachrichten.de\/?p=115283","title":{"rendered":"M\u00fchlen abklappern bei einer Tour durch den Vogelsberg"},"content":{"rendered":"<div id=\"attachment_115284\" style=\"width: 275px\" class=\"wp-caption alignleft\"><img decoding=\"async\" aria-describedby=\"caption-attachment-115284\" class=\"size-thumbnail wp-image-115284\" alt=\"Auch die Stegm\u00fchle im Hosenfelder Ortsteil Hainzell wird bei der Wasserkraftexkursion am kommenden Sonntag angesteuert. Foto: Plappert\" src=\"http:\/\/www.fuldaer-nachrichten.de\/wp-content\/uploads\/2013\/10\/454-Stegm\u00fchle-265x175.jpg\" width=\"265\" height=\"175\" \/><p id=\"caption-attachment-115284\" class=\"wp-caption-text\">Auch die Stegm\u00fchle im Hosenfelder Ortsteil Hainzell wird bei der Wasserkraftexkursion am kommenden Sonntag angesteuert. Foto: Plappert<\/p><\/div>\n<p>RH\u00d6N\/VOGELSBERG. Sie klappern am rauschenden Bach und Martin Kremer von der hessischen Verwaltungsstelle des Biosph\u00e4renreservats Rh\u00f6n hat sie bald alle abgeklappert: Die M\u00fchlen, die sich im Umkreis von etwa zwei Fahrstunden von Fulda entfernt befinden. Nach Touren in den Th\u00fcringer Wald im vergangenen Jahr und 2011 in den fr\u00e4nkischen Raum l\u00e4dt das Biosph\u00e4renreservat zusammen mit der Arbeitsgemeinschaft Hessischer Wasserkraftwerke in diesem Jahr alle Interessierten zu einer M\u00fchlen-Exkursion durch den Vogelsberg ein.<!--more--><\/p>\n<p>Die gemeinsame Busfahrt bietet eine gute Gelegenheit f\u00fcr Wasserkraftbetreiber, sich \u00fcber ihre Erfahrungen auszutauschen. Besonders freut Martin Kremer sich \u00fcber Teilnehmer, die eine stillgelegte M\u00fchle besitzen und \u00fcber deren Reaktivierung nachdenken. Mit dem Tagesausflug m\u00f6chte das Biosph\u00e4renreservat die M\u00fchlenbesitzer motivieren, ihre Anlagen weiter zu betreiben. Denn Wasserkraft entspricht der nachhaltigen Wirtschaftsweise, welche die UNESCO von den Biosph\u00e4renreservaten als Modellregionen erwartet: Es entstehen keine sch\u00e4dlichen Abgase, die Energieerzeugung ist klimaneutral, verbraucht keine Ressourcen, hinterl\u00e4sst keine unbeherrschbaren Abfallprodukte, ist immer vorhanden und kann regional und unabh\u00e4ngig erfolgen. Au\u00dferdem stellen die M\u00fchlen, die nach wie vor als S\u00e4ge- oder Getreidem\u00fchlen genutzt werden, ein Bindeglied zwischen Urproduktion und Handwerk dar und sind nach Kremers Ansicht wichtig f\u00fcr den regionalen Wirtschaftskreislauf.<\/p>\n<p>Trotzdem gibt es Kritiker: Vor allem Angler und Natursch\u00fctzer sehen in den Wehren und Turbinen eine Bedrohung f\u00fcr Fische. Laut Martin Kremer l\u00e4sst sich dieser Konflikt mithilfe moderner Fischtreppen l\u00f6sen. Das Problem dabei allerdings ist, dass solche Investitionen gerade f\u00fcr Betreiber kleiner Wasserkraftwerke (unter diese Gr\u00f6\u00dfenordnung fallen alle 80 Anlagen im Landkreis Fulda) nicht rentabel sind. Deshalb pl\u00e4diert er f\u00fcr ein F\u00f6rderprogramm zur Modernisierung von Wasserkraftwerken. Dieses w\u00fcrde nicht nur zum Naturschutz, sondern auch zu einer Effizienzsteigerung beitragen. Statt wie bislang 1900 durchschnittliche Vier-Personen-Haushalte k\u00f6nnten bei Aussch\u00f6pfung des gesamten Potentials rein rechnerisch rund 670 weitere Haushalte mit Strom aus Rh\u00f6ner Wasserkraftanlagen versorgt werden.<\/p>\n<p>Bislang unterst\u00fctzt das Biosph\u00e4renreservat Rh\u00f6n die Besitzer von Kleinkraftwerken beratend. Die n\u00e4chste kostenlose Informationsveranstaltung\u00c2\u00a0 findet am Donnerstag, 10. Oktober, um 19 Uhr im \u201eVon-Steinr\u00fcck-Haus in Poppenhausen, Schulstra\u00dfe 2, statt. Der Bad Kissinger M\u00fchlenbaumeister Walter Schuhmann und Ingenieur Christoph Pfeffer aus dem Bayerischen Wald referieren \u00fcber die Verbesserung von \u00d6kologie und Leistung und die Auswirkungen der Wasserrahmenrichtlinie.<\/p>\n<p>Wer am Sonntag, 20. Oktober, vier besondere M\u00fchlen im Vogelsberg kennenlernen m\u00f6chte, kann sich unter der Telefonnummer 06654\/9612-0 anmelden. Das Tagesprogramm ist so gestaltet, dass der Ausflug\u00c2\u00a0 nicht nur f\u00fcr Wasserkraft-Betreiber interessant ist. Um 7.45 Uhr startet der Bus in Fulda am Stadion in der Johannisaue. Die Kosten betragen 14 Euro f\u00fcr Erwachsene, Kinder und Jugendliche sind frei.<\/p>\n<p>&nbsp;<\/p>\n","protected":false},"excerpt":{"rendered":"<div class=\"tmnf_excerpt\"><p>RH\u00d6N\/VOGELSBERG. Sie klappern am rauschenden Bach und Martin Kremer von der hessischen Verwaltungsstelle des Biosph\u00e4renreservats Rh\u00f6n hat sie bald alle abgeklappert: Die M\u00fchlen, die sich im Umkreis von etwa zwei Fahrstunden von Fulda entfernt befinden. Nach Touren in den Th\u00fcringer Wald im vergangenen Jahr und 2011 in den fr\u00e4nkischen Raum l\u00e4dt das Biosph\u00e4renreservat zusammen mit &hellip;<\/p>\n<\/div>","protected":false},"author":1,"featured_media":0,"comment_status":"closed","ping_status":"closed","sticky":false,"template":"","format":"standard","meta":{"footnotes":""},"categories":[1,52],"tags":[],"class_list":["post-115283","post","type-post","status-publish","format-standard","hentry","category-startseite","category-umwelt"],"_links":{"self":[{"href":"https:\/\/www.fuldaernachrichten.de\/index.php?rest_route=\/wp\/v2\/posts\/115283","targetHints":{"allow":["GET"]}}],"collection":[{"href":"https:\/\/www.fuldaernachrichten.de\/index.php?rest_route=\/wp\/v2\/posts"}],"about":[{"href":"https:\/\/www.fuldaernachrichten.de\/index.php?rest_route=\/wp\/v2\/types\/post"}],"author":[{"embeddable":true,"href":"https:\/\/www.fuldaernachrichten.de\/index.php?rest_route=\/wp\/v2\/users\/1"}],"replies":[{"embeddable":true,"href":"https:\/\/www.fuldaernachrichten.de\/index.php?rest_route=%2Fwp%2Fv2%2Fcomments&post=115283"}],"version-history":[{"count":1,"href":"https:\/\/www.fuldaernachrichten.de\/index.php?rest_route=\/wp\/v2\/posts\/115283\/revisions"}],"predecessor-version":[{"id":115285,"href":"https:\/\/www.fuldaernachrichten.de\/index.php?rest_route=\/wp\/v2\/posts\/115283\/revisions\/115285"}],"wp:attachment":[{"href":"https:\/\/www.fuldaernachrichten.de\/index.php?rest_route=%2Fwp%2Fv2%2Fmedia&parent=115283"}],"wp:term":[{"taxonomy":"category","embeddable":true,"href":"https:\/\/www.fuldaernachrichten.de\/index.php?rest_route=%2Fwp%2Fv2%2Fcategories&post=115283"},{"taxonomy":"post_tag","embeddable":true,"href":"https:\/\/www.fuldaernachrichten.de\/index.php?rest_route=%2Fwp%2Fv2%2Ftags&post=115283"}],"curies":[{"name":"wp","href":"https:\/\/api.w.org\/{rel}","templated":true}]}}