{"id":115280,"date":"2013-10-15T07:42:15","date_gmt":"2013-10-15T07:42:15","guid":{"rendered":"http:\/\/www.fuldaer-nachrichten.de\/?p=115280"},"modified":"2013-10-15T07:42:15","modified_gmt":"2013-10-15T07:42:15","slug":"mit-hessen-auf-bundesmittelstandstag-erfolgreich","status":"publish","type":"post","link":"https:\/\/www.fuldaernachrichten.de\/?p=115280","title":{"rendered":"MIT Hessen auf Bundesmittelstandstag erfolgreich"},"content":{"rendered":"<p><img fetchpriority=\"high\" decoding=\"async\" class=\"alignleft size-thumbnail wp-image-115281\" alt=\"Bundesdelegiertentagung Braunschweig LV Hartmann mit den gew. Bundesvorstandsmitgliedern aus Hessen\" src=\"http:\/\/www.fuldaer-nachrichten.de\/wp-content\/uploads\/2013\/10\/Bundesdelegiertentagung-Braunschweig-LV-Hartmann-mit-den-gew.-Bundesvorstandsmitgliedern-aus-Hessen-265x198.jpg\" width=\"265\" height=\"198\" srcset=\"https:\/\/www.fuldaernachrichten.de\/wp-content\/uploads\/2013\/10\/Bundesdelegiertentagung-Braunschweig-LV-Hartmann-mit-den-gew.-Bundesvorstandsmitgliedern-aus-Hessen-265x198.jpg 265w, https:\/\/www.fuldaernachrichten.de\/wp-content\/uploads\/2013\/10\/Bundesdelegiertentagung-Braunschweig-LV-Hartmann-mit-den-gew.-Bundesvorstandsmitgliedern-aus-Hessen.jpg 600w\" sizes=\"(max-width: 265px) 100vw, 265px\" \/>Braunschweig. &#8220;Die Mittelstands-und Wirtschaftsvereinigung MIT hat mit Carsten Linnemann einen durchsetzungsf\u00e4higen und kraftvollen neuen Bundesvorsitzenden gew\u00e4hlt&#8221;, erkl\u00e4rte der hessische MIT-Landesvorsitzende Frank Hartmann nach dem Bundesmittelstandstag in Braunschweig. Auch die Hessische MIT kommt erfolgreich aus Braunschweig zur\u00fcck. Die Offenbacher Bundestagsabgeordnete Patricia Lips (R\u00f6dermark) wurde neue stellvertretende Bundesvorsitzende. Der Vorsitzende der MIT Osthessen, Marco Reuter, wurde ebenso in den Bundesvorstand gew\u00e4hlt wie der Steinmetz- und Steinbildhauermeister Volker Rode aus Gelnhausen. Der Bundesmittelstandstag verabschiedete auch einm\u00fctig eine Resolution der Hessischen MIT f\u00fcr das Vorgehen von CDU\/CSU in den Koalitionsgespr\u00e4chen. Die MIT freue sich, dass die Union bei den Bundestagswahlen so \u00fcberzeugend gewonnen habe. Trotzdem werde es keine b\u00fcrgerliche Mehrheit geben, dies sei bedauerlich. Deshalb sei es wichtig, die politischen Kernanliegen des Mittelstandes in den Koalitionsvereinbarungen durchzusetzen, forderte Hartmann.<\/p>\n","protected":false},"excerpt":{"rendered":"<div class=\"tmnf_excerpt\"><p>Braunschweig. &#8220;Die Mittelstands-und Wirtschaftsvereinigung MIT hat mit Carsten Linnemann einen durchsetzungsf\u00e4higen und kraftvollen neuen Bundesvorsitzenden gew\u00e4hlt&#8221;, erkl\u00e4rte der hessische MIT-Landesvorsitzende Frank Hartmann nach dem Bundesmittelstandstag in Braunschweig. Auch die Hessische MIT kommt erfolgreich aus Braunschweig zur\u00fcck. Die Offenbacher Bundestagsabgeordnete Patricia Lips (R\u00f6dermark) wurde neue stellvertretende Bundesvorsitzende. Der Vorsitzende der MIT Osthessen, Marco Reuter, wurde ebenso &hellip;<\/p>\n<\/div>","protected":false},"author":1,"featured_media":0,"comment_status":"closed","ping_status":"closed","sticky":false,"template":"","format":"standard","meta":{"footnotes":""},"categories":[1],"tags":[],"class_list":["post-115280","post","type-post","status-publish","format-standard","hentry","category-startseite"],"_links":{"self":[{"href":"https:\/\/www.fuldaernachrichten.de\/index.php?rest_route=\/wp\/v2\/posts\/115280","targetHints":{"allow":["GET"]}}],"collection":[{"href":"https:\/\/www.fuldaernachrichten.de\/index.php?rest_route=\/wp\/v2\/posts"}],"about":[{"href":"https:\/\/www.fuldaernachrichten.de\/index.php?rest_route=\/wp\/v2\/types\/post"}],"author":[{"embeddable":true,"href":"https:\/\/www.fuldaernachrichten.de\/index.php?rest_route=\/wp\/v2\/users\/1"}],"replies":[{"embeddable":true,"href":"https:\/\/www.fuldaernachrichten.de\/index.php?rest_route=%2Fwp%2Fv2%2Fcomments&post=115280"}],"version-history":[{"count":1,"href":"https:\/\/www.fuldaernachrichten.de\/index.php?rest_route=\/wp\/v2\/posts\/115280\/revisions"}],"predecessor-version":[{"id":115282,"href":"https:\/\/www.fuldaernachrichten.de\/index.php?rest_route=\/wp\/v2\/posts\/115280\/revisions\/115282"}],"wp:attachment":[{"href":"https:\/\/www.fuldaernachrichten.de\/index.php?rest_route=%2Fwp%2Fv2%2Fmedia&parent=115280"}],"wp:term":[{"taxonomy":"category","embeddable":true,"href":"https:\/\/www.fuldaernachrichten.de\/index.php?rest_route=%2Fwp%2Fv2%2Fcategories&post=115280"},{"taxonomy":"post_tag","embeddable":true,"href":"https:\/\/www.fuldaernachrichten.de\/index.php?rest_route=%2Fwp%2Fv2%2Ftags&post=115280"}],"curies":[{"name":"wp","href":"https:\/\/api.w.org\/{rel}","templated":true}]}}