{"id":115278,"date":"2013-10-15T07:37:43","date_gmt":"2013-10-15T07:37:43","guid":{"rendered":"http:\/\/www.fuldaer-nachrichten.de\/?p=115278"},"modified":"2013-10-15T07:37:43","modified_gmt":"2013-10-15T07:37:43","slug":"idsteiner-freizeit-und-wellnessanlage-tournesol-ist-offizieller-pate-von-fussballer-carsten-schuster","status":"publish","type":"post","link":"https:\/\/www.fuldaernachrichten.de\/?p=115278","title":{"rendered":"Idsteiner Freizeit- und Wellnessanlage Tournesol ist offizieller Pate von Fu\u00dfballer Carsten Schuster"},"content":{"rendered":"<p>Idstein. Der HBRS sucht immer neue M\u00f6glichkeiten, die Inklusion von Menschen mit Behinderung in unserer Gesellschaft zu st\u00e4rken. Um das Verst\u00e4ndnis f\u00fcr die Bed\u00fcrfnisse dieser Menschen in das Bewusstsein aller zu r\u00fccken, k\u00f6nnen Unternehmen oder Privatpersonen eine Patenschaft f\u00fcr einen Spieler der Hessenauswahl im Fu\u00dfball f\u00fcr Menschen mit intellektueller Beeintr\u00e4chtigung \u00fcbernehmen. Die Freizeit- und Wellnessanlage Tournesol aus Idstein hat den Anfang gemacht und ist nun offizieller Pate des Spielers Carsten Schuster. HBRS-Pr\u00e4sident Gerhard Knapp \u00fcberreichte Tournesol-Gesch\u00e4ftsleiterin Claudia Borchwaldt am Freitagvormittag ein gerahmtes Trikot von Schuster.<!--more--><br \/>\nHBRS-Pr\u00e4sident Gerhard Knapp sagte: \u201eIch freue mich \u00fcber das gro\u00dfe Interesse der Freizeit- und Wellnessanlage Tournesol am Behindertensport. Die \u00dcbernahme der Patenschaft st\u00e4rkt unsere Kooperation mit dem Unternehmen. Sie kann das Angebot des HBRS in vielen Bereichen optimal erg\u00e4nzen, zum Beispiel bei der Aus- und Fortbildung unserer \u00dcbungsleiter oder den Lehrg\u00e4ngen unserer Sportler. Mit dem finanziellen Erl\u00f6s aus der Patenschaft soll die Abteilung Fu\u00dfball im HBRS unterst\u00fctzt werden.\u201c<\/p>\n<p>Tournesol-Gesch\u00e4ftsleiterin Claudia Borchwaldt sagte: \u201eDie Patenschaft von Carsten \u00fcbernehmen zu d\u00fcrfen, macht uns stolz. Wir haben ihn bereits bei der Deutschen Meisterschaft kennengelernt, er ist ein Mensch mit beeindruckenden F\u00e4higkeiten. Als wir von der Patenschaft geh\u00f6rt haben, gab es kein langes \u00dcberlegen. Diese positive Entwicklung von Menschen mit einer Behinderung so nah miterleben zu d\u00fcrfen, bereitet mir pers\u00f6nlich gro\u00dfe Freude. Inklusion und Integration sind wichtige Themen in unserer Gesellschaft, die wir gerne unterst\u00fctzen.\u201c<\/p>\n<p>Die Freizeit- und Wellnessanlage mit der charakteristischen Kuppel ist bereits seit ann\u00e4hernd einem halben Jahr offizieller Partner der Hessenauswahl. Im November wird die Mannschaft zu einem weiteren Aquafitness-Kurs in Idstein gastieren.<\/p>\n<p>Der HBRS bedankt sich bei jedem Paten mit einem signierten Trikot, das von einem f\u00fchrenden Mitglied des Verbandes \u00fcbergeben wird. Die Hessenauswahl freut sich auf weitere Paten. Interessierte erhalten beim Sportlichen Leiter Fu\u00dfball Michael Trippel (Tel.: 0151 \/ 610 611 55) alle Informationen.<\/p>\n","protected":false},"excerpt":{"rendered":"<div class=\"tmnf_excerpt\"><p>Idstein. Der HBRS sucht immer neue M\u00f6glichkeiten, die Inklusion von Menschen mit Behinderung in unserer Gesellschaft zu st\u00e4rken. Um das Verst\u00e4ndnis f\u00fcr die Bed\u00fcrfnisse dieser Menschen in das Bewusstsein aller zu r\u00fccken, k\u00f6nnen Unternehmen oder Privatpersonen eine Patenschaft f\u00fcr einen Spieler der Hessenauswahl im Fu\u00dfball f\u00fcr Menschen mit intellektueller Beeintr\u00e4chtigung \u00fcbernehmen. Die Freizeit- und Wellnessanlage &hellip;<\/p>\n<\/div>","protected":false},"author":1,"featured_media":0,"comment_status":"closed","ping_status":"closed","sticky":false,"template":"","format":"standard","meta":{"footnotes":""},"categories":[1],"tags":[],"class_list":["post-115278","post","type-post","status-publish","format-standard","hentry","category-startseite"],"_links":{"self":[{"href":"https:\/\/www.fuldaernachrichten.de\/index.php?rest_route=\/wp\/v2\/posts\/115278","targetHints":{"allow":["GET"]}}],"collection":[{"href":"https:\/\/www.fuldaernachrichten.de\/index.php?rest_route=\/wp\/v2\/posts"}],"about":[{"href":"https:\/\/www.fuldaernachrichten.de\/index.php?rest_route=\/wp\/v2\/types\/post"}],"author":[{"embeddable":true,"href":"https:\/\/www.fuldaernachrichten.de\/index.php?rest_route=\/wp\/v2\/users\/1"}],"replies":[{"embeddable":true,"href":"https:\/\/www.fuldaernachrichten.de\/index.php?rest_route=%2Fwp%2Fv2%2Fcomments&post=115278"}],"version-history":[{"count":1,"href":"https:\/\/www.fuldaernachrichten.de\/index.php?rest_route=\/wp\/v2\/posts\/115278\/revisions"}],"predecessor-version":[{"id":115279,"href":"https:\/\/www.fuldaernachrichten.de\/index.php?rest_route=\/wp\/v2\/posts\/115278\/revisions\/115279"}],"wp:attachment":[{"href":"https:\/\/www.fuldaernachrichten.de\/index.php?rest_route=%2Fwp%2Fv2%2Fmedia&parent=115278"}],"wp:term":[{"taxonomy":"category","embeddable":true,"href":"https:\/\/www.fuldaernachrichten.de\/index.php?rest_route=%2Fwp%2Fv2%2Fcategories&post=115278"},{"taxonomy":"post_tag","embeddable":true,"href":"https:\/\/www.fuldaernachrichten.de\/index.php?rest_route=%2Fwp%2Fv2%2Ftags&post=115278"}],"curies":[{"name":"wp","href":"https:\/\/api.w.org\/{rel}","templated":true}]}}