{"id":115271,"date":"2013-10-15T07:59:16","date_gmt":"2013-10-15T07:59:16","guid":{"rendered":"http:\/\/www.fuldaer-nachrichten.de\/?p=115271"},"modified":"2013-10-15T07:59:16","modified_gmt":"2013-10-15T07:59:16","slug":"kulinaria-kunst-klubgeschichte-lions-club-fulda-bonifatius-feiert-zehnjaehriges-bestehen","status":"publish","type":"post","link":"https:\/\/www.fuldaernachrichten.de\/?p=115271","title":{"rendered":"\u201eKulinaria \u2013 Kunst \u2013 Klubgeschichte\u201c &#8211; Lions Club Fulda-Bonifatius feiert zehnj\u00e4hriges Bestehen"},"content":{"rendered":"<p><img decoding=\"async\" class=\"alignleft size-thumbnail wp-image-115272\" alt=\"LionsCard\" src=\"http:\/\/www.fuldaer-nachrichten.de\/wp-content\/uploads\/2013\/10\/LionsCard-265x136.jpg\" width=\"265\" height=\"136\" srcset=\"https:\/\/www.fuldaernachrichten.de\/wp-content\/uploads\/2013\/10\/LionsCard-265x136.jpg 265w, https:\/\/www.fuldaernachrichten.de\/wp-content\/uploads\/2013\/10\/LionsCard.jpg 600w\" sizes=\"(max-width: 265px) 100vw, 265px\" \/>Fulda. Mit Pr\u00e4sident Gerhard Bub an der Spitze feiert der Lions Club Fulda-Bonifatius sein zehnj\u00e4hriges Bestehen: Die Jubil\u00e4umsveranstaltung findet am Samstag, 26. Oktober um 18:30 Uhr unter dem Motto \u201eKulinaria \u2013 Kunst \u2013 Klubgeschichte\u201c in der Kulturscheune Eichenzell statt. \u201eUnser Club hat schon immer einen besonderen Bezug zu Eichenzell, denn nach unserer Gr\u00fcndung am 28. April 2003 hat dann am 8. Mai 2004 unsere Charterfeier dort stattgefunden. Daher wollen wir mit unserer Benefizveranstaltung auch den Verein Leben und Arbeiten in Eichenzell unterst\u00fctzen\u201c, erkl\u00e4rt Lions-Pr\u00e4sident Gerhard Bub. <!--more--><\/p>\n<p>Die Jubil\u00e4umsveranstaltung zum zehnj\u00e4hrigen Bestehen bildet den Mittelpunkt des Clubjahres. Am Samstag, 26. Oktober wird der Empfang um 18:30 Uhr er\u00f6ffnet. \u201eZuspann \u00c3\u00a0 la carte\u201c serviert dann ein Vier-G\u00e4nge-Men\u00fc. Neben der talentierten jungen Pianistin Madita Heigel am Klavier soll das Trio \u201eSabinett\u201c auf der B\u00fchne das Publikum erfreuen. Zum Abendprogramm geh\u00f6ren nat\u00fcrlich auch die obligatorischen Gru\u00dfworte des amtierenden Lions-Pr\u00e4sidenten, die Vorstellung der Chronik \u00fcber die ersten zehn Jahre Clubleben, sowie die \u00dcberreichung von Urkunden an die Gr\u00fcndungsmitglieder.<\/p>\n<p>Auch Landrat Bernd Woide wird ein Gru\u00dfwort sprechen, sowie ein Vertreter der Gr\u00fcndungspaten und B\u00fcrgermeister Dieter Kolb vom Verein Leben und Arbeiten in Eichenzell e.V. \u201eNeben einer Tombola mit attraktiven Preisen, wird nach dem offiziellen Teil nat\u00fcrlich auch gen\u00fcgend Zeit f\u00fcr nette Gespr\u00e4che bleiben\u201c, ist sich Gerhard Bub sicher. Die Karten f\u00fcr den Jubil\u00e4umsempfang sind f\u00fcr 75,- \u00e2\u201a\u00ac pro Person direkt bei Gerhard Bub zu erstehen (Telefon 0171-1982211, g.bub@foerstina.com). Darin inklusive ist der Empfang samt Vier-G\u00e4nge-Men\u00fc und s\u00e4mtlichen Getr\u00e4nken. Wein (Jupp Hahner), Bier (Hochstift \/ Will), alkoholfreie Getr\u00e4nke (F\u00f6rstina) und Spirituosen (Schlitzer Destillerie) werden allesamt gesponsert, um einen m\u00f6glichst hohen Ertrag f\u00fcr den Verein Leben und Arbeiten in Eichenzell zu erwirtschaften. Der Erl\u00f6s soll dann in die unmittelbare Nachbarschaft flie\u00dfen \u2013 n\u00e4mlich in das \u201eHerrenhaus\u201c im Ortskern, wo der Verein in Kooperation mit der Gemeinde Eichenzell und dem Antoniusheim 13 Apartments f\u00fcr behinderte Menschen einrichten wird. \u201eEin absolutes Vorzeigeprojekt der Inklusion\u201c, freut sich Gerhard Bub.<\/p>\n<p>Angesprochen auf das weitere Jubil\u00e4umsjahr, formuliert der Lions-Pr\u00e4sident seinen Leitgedanken: \u201eDer Grundgedanke unser Clubs \u2013 \u00e2\u20ac\u0161we serve\u00e2\u20ac\u02dc, also uneigenn\u00fctziges Handeln zum Wohle der Gemeinschaft \u2013 wird intern wie extern eine gro\u00dfe Rolle spielen. Clubleben kann Arbeit sein, es soll aber vor allem auch Freude machen. Denn nur ein intensives Clubleben f\u00fchrt zu Erfolg, und darauf freue ich mich: Verantwortung \u00fcbernehmen \u2013 mit Freude helfen!\u201c, schlie\u00dft Gerhard Bub ab.<\/p>\n<p><b>We serve \u2013 wir dienen.<br \/>\n\u00dcber den Lions Club Fulda-Bonifatius<\/b><b><\/b><\/p>\n<p>Der Lions Club Fulda-Bonifatius geh\u00f6rt der Internationalen Vereinigung der Lions Clubs (Lions Clubs International) an und ist Mitglied des Gesamt-Districts 111 und des Districts 111 MN. Unter dem Leitwort \u201ewe serve\u201c setzt sich der Club zum Ziel, durch freundschaftlichen Zusammenschluss von Pers\u00f6nlichkeiten verschiedener Berufe aus Fulda und seiner Umgebung den Geist gegenseitigen Verst\u00e4ndnisses und wechselseitiger Achtung zu pflegen und zu f\u00f6rdern, im privaten und beruflichen Leben ehrliche Loyalit\u00e4t zu \u00fcben und in der Wahrnehmung der eigenen Interessen immer die moralische Verpflichtung gegen\u00fcber der Allgemeinheit zu beachten, das Gemeinwohl zu f\u00f6rdern, dem Mitmenschen zu dienen und t\u00e4tige Hilfe bei geistiger und materieller Not zu \u00fcben. Jedes Mitglied verpflichtet sich, zu dieser Hilfe nach Kr\u00e4ften beizutragen.<\/p>\n","protected":false},"excerpt":{"rendered":"<div class=\"tmnf_excerpt\"><p>Fulda. Mit Pr\u00e4sident Gerhard Bub an der Spitze feiert der Lions Club Fulda-Bonifatius sein zehnj\u00e4hriges Bestehen: Die Jubil\u00e4umsveranstaltung findet am Samstag, 26. Oktober um 18:30 Uhr unter dem Motto \u201eKulinaria \u2013 Kunst \u2013 Klubgeschichte\u201c in der Kulturscheune Eichenzell statt. \u201eUnser Club hat schon immer einen besonderen Bezug zu Eichenzell, denn nach unserer Gr\u00fcndung am 28. &hellip;<\/p>\n<\/div>","protected":false},"author":1,"featured_media":0,"comment_status":"closed","ping_status":"closed","sticky":false,"template":"","format":"standard","meta":{"footnotes":""},"categories":[1],"tags":[],"class_list":["post-115271","post","type-post","status-publish","format-standard","hentry","category-startseite"],"_links":{"self":[{"href":"https:\/\/www.fuldaernachrichten.de\/index.php?rest_route=\/wp\/v2\/posts\/115271","targetHints":{"allow":["GET"]}}],"collection":[{"href":"https:\/\/www.fuldaernachrichten.de\/index.php?rest_route=\/wp\/v2\/posts"}],"about":[{"href":"https:\/\/www.fuldaernachrichten.de\/index.php?rest_route=\/wp\/v2\/types\/post"}],"author":[{"embeddable":true,"href":"https:\/\/www.fuldaernachrichten.de\/index.php?rest_route=\/wp\/v2\/users\/1"}],"replies":[{"embeddable":true,"href":"https:\/\/www.fuldaernachrichten.de\/index.php?rest_route=%2Fwp%2Fv2%2Fcomments&post=115271"}],"version-history":[{"count":1,"href":"https:\/\/www.fuldaernachrichten.de\/index.php?rest_route=\/wp\/v2\/posts\/115271\/revisions"}],"predecessor-version":[{"id":115274,"href":"https:\/\/www.fuldaernachrichten.de\/index.php?rest_route=\/wp\/v2\/posts\/115271\/revisions\/115274"}],"wp:attachment":[{"href":"https:\/\/www.fuldaernachrichten.de\/index.php?rest_route=%2Fwp%2Fv2%2Fmedia&parent=115271"}],"wp:term":[{"taxonomy":"category","embeddable":true,"href":"https:\/\/www.fuldaernachrichten.de\/index.php?rest_route=%2Fwp%2Fv2%2Fcategories&post=115271"},{"taxonomy":"post_tag","embeddable":true,"href":"https:\/\/www.fuldaernachrichten.de\/index.php?rest_route=%2Fwp%2Fv2%2Ftags&post=115271"}],"curies":[{"name":"wp","href":"https:\/\/api.w.org\/{rel}","templated":true}]}}