{"id":115262,"date":"2013-10-14T00:15:45","date_gmt":"2013-10-14T00:15:45","guid":{"rendered":"http:\/\/www.fuldaer-nachrichten.de\/?p=115262"},"modified":"2013-10-14T08:10:57","modified_gmt":"2013-10-14T08:10:57","slug":"bischof-algermissen-zu-gespraechen-und-besuchen-in-rom-segensgruesse-von-papst-franziskus-an-die-menschen-im-bistum-fulda","status":"publish","type":"post","link":"https:\/\/www.fuldaernachrichten.de\/?p=115262","title":{"rendered":"Bischof Algermissen zu Gespr\u00e4chen und Besuchen in Rom \u2013  Segensgr\u00fc\u00dfe von Papst Franziskus an die Menschen im Bistum Fulda"},"content":{"rendered":"<p><b><img fetchpriority=\"high\" decoding=\"async\" class=\"alignleft size-thumbnail wp-image-115263\" alt=\"Rom_Papst_Franziskus_Algermissen\" src=\"http:\/\/www.fuldaer-nachrichten.de\/wp-content\/uploads\/2013\/10\/Rom_Papst_Franziskus_Algermissen-265x397.jpg\" width=\"265\" height=\"397\" srcset=\"https:\/\/www.fuldaernachrichten.de\/wp-content\/uploads\/2013\/10\/Rom_Papst_Franziskus_Algermissen-265x397.jpg 265w, https:\/\/www.fuldaernachrichten.de\/wp-content\/uploads\/2013\/10\/Rom_Papst_Franziskus_Algermissen-176x265.jpg 176w, https:\/\/www.fuldaernachrichten.de\/wp-content\/uploads\/2013\/10\/Rom_Papst_Franziskus_Algermissen-400x600.jpg 400w, https:\/\/www.fuldaernachrichten.de\/wp-content\/uploads\/2013\/10\/Rom_Papst_Franziskus_Algermissen.jpg 600w\" sizes=\"(max-width: 265px) 100vw, 265px\" \/>Fulda\/Rom<\/b> (bpf). Der Fuldaer Bischof Heinz Josef Algermissen war dieser Tage zu dienstlichen Gespr\u00e4chen und Besuchen in Rom. Im Rahmen eines kurzen intensiven Gespr\u00e4chs \u00fcberreichte er Papst Franziskus das neue Buch \u201eDer Dom zu Fulda\u201c. Der Papst war sehr erfreut und bat den Bischof, f\u00fcr ihn zu beten. Zudem \u00fcbermittelte er Segensgr\u00fc\u00dfe an die Menschen im Bistum Fulda. Der Bischof berichtete, wie viel Zeit sich Papst Franziskus trotz eines heftigen Regenschauers nahm, um besonders mit kranken und behinderten Menschen zu sprechen und die zu segnen, die ihm unter den hunderttausend Menschen, die zur Generalaudienz auf den Petersplatz gekommen waren, besonders am Herzen lagen. Der Papst verk\u00f6rpere eine dienende Kirche ohne Prunk und Machtgehabe, so der Bischof. Seine Botschaft laute: \u201eDie Kirche ist f\u00fcr die Menschen da, ist nicht Selbstzweck.\u201c Bischof Algermissen traf auch mit Gruppen von Sch\u00fclerinnen und Sch\u00fclern des bisch\u00f6flichen Ursulinengymnasiums Fritzlar zusammen, das zum Ende seines Jubil\u00e4umsjahres \u201e300 Jahre Ursulinenschule\u201c mit 1.200 Sch\u00fclerinnen und Sch\u00fclern eine Fahrt nach Rom veranstaltete.<\/p>\n<p>&nbsp;<\/p>\n","protected":false},"excerpt":{"rendered":"<div class=\"tmnf_excerpt\"><p>Fulda\/Rom (bpf). Der Fuldaer Bischof Heinz Josef Algermissen war dieser Tage zu dienstlichen Gespr\u00e4chen und Besuchen in Rom. Im Rahmen eines kurzen intensiven Gespr\u00e4chs \u00fcberreichte er Papst Franziskus das neue Buch \u201eDer Dom zu Fulda\u201c. Der Papst war sehr erfreut und bat den Bischof, f\u00fcr ihn zu beten. Zudem \u00fcbermittelte er Segensgr\u00fc\u00dfe an die Menschen &hellip;<\/p>\n<\/div>","protected":false},"author":1,"featured_media":0,"comment_status":"closed","ping_status":"closed","sticky":false,"template":"","format":"standard","meta":{"footnotes":""},"categories":[1],"tags":[],"class_list":["post-115262","post","type-post","status-publish","format-standard","hentry","category-startseite"],"_links":{"self":[{"href":"https:\/\/www.fuldaernachrichten.de\/index.php?rest_route=\/wp\/v2\/posts\/115262","targetHints":{"allow":["GET"]}}],"collection":[{"href":"https:\/\/www.fuldaernachrichten.de\/index.php?rest_route=\/wp\/v2\/posts"}],"about":[{"href":"https:\/\/www.fuldaernachrichten.de\/index.php?rest_route=\/wp\/v2\/types\/post"}],"author":[{"embeddable":true,"href":"https:\/\/www.fuldaernachrichten.de\/index.php?rest_route=\/wp\/v2\/users\/1"}],"replies":[{"embeddable":true,"href":"https:\/\/www.fuldaernachrichten.de\/index.php?rest_route=%2Fwp%2Fv2%2Fcomments&post=115262"}],"version-history":[{"count":1,"href":"https:\/\/www.fuldaernachrichten.de\/index.php?rest_route=\/wp\/v2\/posts\/115262\/revisions"}],"predecessor-version":[{"id":115264,"href":"https:\/\/www.fuldaernachrichten.de\/index.php?rest_route=\/wp\/v2\/posts\/115262\/revisions\/115264"}],"wp:attachment":[{"href":"https:\/\/www.fuldaernachrichten.de\/index.php?rest_route=%2Fwp%2Fv2%2Fmedia&parent=115262"}],"wp:term":[{"taxonomy":"category","embeddable":true,"href":"https:\/\/www.fuldaernachrichten.de\/index.php?rest_route=%2Fwp%2Fv2%2Fcategories&post=115262"},{"taxonomy":"post_tag","embeddable":true,"href":"https:\/\/www.fuldaernachrichten.de\/index.php?rest_route=%2Fwp%2Fv2%2Ftags&post=115262"}],"curies":[{"name":"wp","href":"https:\/\/api.w.org\/{rel}","templated":true}]}}