{"id":115250,"date":"2013-10-14T08:01:55","date_gmt":"2013-10-14T08:01:55","guid":{"rendered":"http:\/\/www.fuldaer-nachrichten.de\/?p=115250"},"modified":"2013-10-14T08:01:55","modified_gmt":"2013-10-14T08:01:55","slug":"drama-das-maedchen-wadjda-am-18-10-im-cafe-panama","status":"publish","type":"post","link":"https:\/\/www.fuldaernachrichten.de\/?p=115250","title":{"rendered":"Drama \u201eDas M\u00e4dchen Wadjda\u201c am 18.10. im Caf\u00e9 Panama"},"content":{"rendered":"<p><img fetchpriority=\"high\" decoding=\"async\" class=\"alignleft size-thumbnail wp-image-115251\" alt=\"wad_Plakat_DIN_A4\" src=\"http:\/\/www.fuldaer-nachrichten.de\/wp-content\/uploads\/2013\/10\/wad_Plakat_DIN_A4-265x374.jpg\" width=\"265\" height=\"374\" srcset=\"https:\/\/www.fuldaernachrichten.de\/wp-content\/uploads\/2013\/10\/wad_Plakat_DIN_A4-265x374.jpg 265w, https:\/\/www.fuldaernachrichten.de\/wp-content\/uploads\/2013\/10\/wad_Plakat_DIN_A4-187x265.jpg 187w, https:\/\/www.fuldaernachrichten.de\/wp-content\/uploads\/2013\/10\/wad_Plakat_DIN_A4-424x600.jpg 424w, https:\/\/www.fuldaernachrichten.de\/wp-content\/uploads\/2013\/10\/wad_Plakat_DIN_A4.jpg 600w\" sizes=\"(max-width: 265px) 100vw, 265px\" \/>Fulda. Die Kultur- und Kinoinitiative Fulda e.V. zeigt am Freitag, den 18.10.2013 um 20:00 Uhr das Drama \u201eDas M\u00e4dchen Wadjda\u201c.\u00c2\u00a0 Jeden Tag, wenn Wadjda in ihrer Heimatstadt Riad zur Schule geht, f\u00fchrt sie ihr Weg an einem Spielzeuggesch\u00e4ft vorbei, das ein gr\u00fcnes Fahrrad anbietet. Dabei schl\u00e4gt ihr Herz jedes Mal h\u00f6her, denn dieses gr\u00fcne Fahrrad zu besitzen w\u00fcrde auch bedeuten, sich endlich gegen den Nachbarsjungen Abdullah durchzusetzen und ihm, schnell wie der Wind, davon flitzen zu k\u00f6nnen. Obwohl es M\u00e4dchen untersagt ist Fahrrad zu fahren, heckt Wadjda einen Plan aus, wie sie mit verbotenen Gesch\u00e4ften auf dem Schulhof Geld f\u00fcr das Fahrrad verdienen kann.<!--more--><\/p>\n<p>Doch Wadjdas Machenschaften fliegen auf, es droht ein Schulverweis und die Hoffnungen auf das Geld sind dahin. Dem M\u00e4dchen bleibt nur eine Chance: Sie muss den mit einem hohen Preisgeld dotierten Koran-Rezitationswettbewerb der Schule gewinnen. Mit viel Eifer und Erfindungsgeist macht sie sich an die Aufgabe, vermeintlich fromm zu werden. Und so hat sie auch keine Augen f\u00fcr die Probleme der Mutter, die zu verhindern versucht, dass ihr Mann sich eine zweite Frau nimmt. Doch ebenso wie ihre mutige Tochter erkennt auch Wadjdas Mutter, dass sie letztlich auf sich alleine gestellt ist und einen steinigen Weg einschlagen muss, um f\u00fcr sich und ihre Tochter eine selbstbestimmte Zukunft zu erk\u00e4mpfen.<\/p>\n<p>Der Eintritt liegt bei 4\u00e2\u201a\u00ac (erm\u00e4\u00dfigt 3\u00e2\u201a\u00ac). Die Vorf\u00fchrung findet statt im Kino35 &#8211; Caf\u00e9 Panama in der Langebr\u00fcckenstr. 14, 36037 Fulda, weitere Infos erhalten Sie unter der Telefonnummer 0661-480045-35 oder unter www.35kino.de.<\/p>\n","protected":false},"excerpt":{"rendered":"<div class=\"tmnf_excerpt\"><p>Fulda. Die Kultur- und Kinoinitiative Fulda e.V. zeigt am Freitag, den 18.10.2013 um 20:00 Uhr das Drama \u201eDas M\u00e4dchen Wadjda\u201c.\u00c2\u00a0 Jeden Tag, wenn Wadjda in ihrer Heimatstadt Riad zur Schule geht, f\u00fchrt sie ihr Weg an einem Spielzeuggesch\u00e4ft vorbei, das ein gr\u00fcnes Fahrrad anbietet. Dabei schl\u00e4gt ihr Herz jedes Mal h\u00f6her, denn dieses gr\u00fcne Fahrrad &hellip;<\/p>\n<\/div>","protected":false},"author":1,"featured_media":0,"comment_status":"closed","ping_status":"closed","sticky":false,"template":"","format":"standard","meta":{"footnotes":""},"categories":[1],"tags":[],"class_list":["post-115250","post","type-post","status-publish","format-standard","hentry","category-startseite"],"_links":{"self":[{"href":"https:\/\/www.fuldaernachrichten.de\/index.php?rest_route=\/wp\/v2\/posts\/115250","targetHints":{"allow":["GET"]}}],"collection":[{"href":"https:\/\/www.fuldaernachrichten.de\/index.php?rest_route=\/wp\/v2\/posts"}],"about":[{"href":"https:\/\/www.fuldaernachrichten.de\/index.php?rest_route=\/wp\/v2\/types\/post"}],"author":[{"embeddable":true,"href":"https:\/\/www.fuldaernachrichten.de\/index.php?rest_route=\/wp\/v2\/users\/1"}],"replies":[{"embeddable":true,"href":"https:\/\/www.fuldaernachrichten.de\/index.php?rest_route=%2Fwp%2Fv2%2Fcomments&post=115250"}],"version-history":[{"count":1,"href":"https:\/\/www.fuldaernachrichten.de\/index.php?rest_route=\/wp\/v2\/posts\/115250\/revisions"}],"predecessor-version":[{"id":115252,"href":"https:\/\/www.fuldaernachrichten.de\/index.php?rest_route=\/wp\/v2\/posts\/115250\/revisions\/115252"}],"wp:attachment":[{"href":"https:\/\/www.fuldaernachrichten.de\/index.php?rest_route=%2Fwp%2Fv2%2Fmedia&parent=115250"}],"wp:term":[{"taxonomy":"category","embeddable":true,"href":"https:\/\/www.fuldaernachrichten.de\/index.php?rest_route=%2Fwp%2Fv2%2Fcategories&post=115250"},{"taxonomy":"post_tag","embeddable":true,"href":"https:\/\/www.fuldaernachrichten.de\/index.php?rest_route=%2Fwp%2Fv2%2Ftags&post=115250"}],"curies":[{"name":"wp","href":"https:\/\/api.w.org\/{rel}","templated":true}]}}